{"id":267,"date":"2024-09-23T10:21:47","date_gmt":"2024-09-23T08:21:47","guid":{"rendered":"https:\/\/heraclite.eu\/?p=267"},"modified":"2024-10-02T00:24:59","modified_gmt":"2024-10-01T22:24:59","slug":"la-fin-de-schengen-chapitre-allemagne","status":"publish","type":"post","link":"https:\/\/heraclite.eu\/index.php\/2024\/09\/23\/la-fin-de-schengen-chapitre-allemagne\/","title":{"rendered":"La fin de Schengen, chapitre Allemagne"},"content":{"rendered":"\n<p>C&#8217;est une ironie que ne manqueront pas de <a href=\"https:\/\/www.bbc.com\/news\/world-europe-67238144\" target=\"_blank\" rel=\"noreferrer noopener\">souligner nos voisins britanniques<\/a> : le jour de la remise du rapport Draghi (cf. <a href=\"http:\/\/europe-info-hebdo.eu\/2024\/09\/parole-duevangile\/\" target=\"_blank\" rel=\"noreferrer noopener\">EIH 16.09.24<\/a>), lundi 9 septembre 2024, l\u2019Allemagne annon\u00e7ait la r\u00e9instauration du contr\u00f4le \u00e0 ses fronti\u00e8res et la suspension du syst\u00e8me Schengen. <a href=\"https:\/\/www.politico.eu\/article\/germany-border-controls-immigration-clampdown-police-check\/\" target=\"_blank\" rel=\"noreferrer noopener\">Nancy Faeser,<\/a> ministre sociale-d\u00e9mocrate f\u00e9d\u00e9rale de l\u2019Int\u00e9rieur, expliquait que l\u2019objectif est de \u00ab&nbsp;prot\u00e9ger l\u2019Allemagne de l\u2019extr\u00e9misme islamiste&nbsp;\u00bb. Une justification analogue \u00e0 celle avanc\u00e9e par la France de Fran\u00e7ois Hollande en 2015, apr\u00e8s les chocs successifs de l\u2019assassinat de Charlie Hebdo puis des attentats du 13 novembre. Cette suspension du droit \u00e0 la libre circulation se pr\u00e9tend donc une r\u00e9ponse aux tueries qui ont <a href=\"https:\/\/www.france24.com\/fr\/info-en-continu\/20240824-%F0%9F%94%B4-le-groupe-%C3%A9tat-islamique-revendique-l-attaque-au-couteau-meurtri%C3%A8re-en-allemagne\" target=\"_blank\" rel=\"noreferrer noopener\">marqu\u00e9 l\u2019Allemagne ces derniers mois<\/a>.<\/p>\n\n\n\n<p>Mais il est difficile de faire abstraction du contexte politique allemand. En particulier qu\u2019une semaine auparavant, le parti d\u2019extr\u00eame-droite AfD emportait largement les \u00e9lections r\u00e9gionales de deux L\u00e4nder<a href=\"https:\/\/www.dw.com\/fr\/afd-thuringe-saxe-%C3%A9lections-migrants\/a-70070826\" target=\"_blank\" rel=\"noreferrer noopener\"><strong> en Thuringe et en Saxe<\/strong><\/a>&nbsp;avec un tiers des suffrages. En outre, le parti populiste nostagique de la RDA et particuli\u00e8rement hostile \u00e0 l\u2019immigration extra-europ\u00e9enne, le <a href=\"https:\/\/www.google.com\/url?sa=t&amp;source=web&amp;rct=j&amp;opi=89978449&amp;url=https:\/\/www.francetvinfo.fr\/replay-radio\/micro-europeen\/sahra-wagenknecht-l-autre-visage-de-la-politique-allemande_6456092.html&amp;ved=2ahUKEwjNmtSK1dSIAxVNU6QEHepOEh8QFnoECEAQAQ&amp;usg=AOvVaw3-jQJAoX7YbnPPMkxgqp0m\" target=\"_blank\" rel=\"noreferrer noopener\">Mouvement Sarah Wagenknecht (BSW)<\/a>, arrive en 3e position.<\/p>\n\n\n\n<p>Jamais les partis qui composent le gouvernement f\u00e9d\u00e9ral n&#8217;avaient obtenu d&#8217;aussi mauvais r\u00e9sultats lors de scrutins r\u00e9gionaux. Un signe annonciateur de la d\u00e9composition\/recomposition \u00e0 attendre aux prochaines \u00e9lections f\u00e9d\u00e9rales de septembre 2025.&nbsp;<\/p>\n\n\n\n<p>Quant \u00e0 la suspension de Schengen, \u00e0 l\u2019\u00e9poque des attentats de Paris, <a href=\"https:\/\/www.lemonde.fr\/europe\/article\/2015\/12\/05\/la-libre-circulation-en-europe-menacee-de-mort-lente_4825110_3214.html\">les inqui\u00e9tudes sur le maintien de la libre-circulation<\/a>, cet acquis europ\u00e9en essentiel, \u00e9taient d\u00e9j\u00e0 fortes. Dix ans plus tard, elles reviennent avec plus de vigueur. Le couple franco-allemand est peut-\u00eatre le moteur de la construction europ\u00e9enne, mais en l\u2019occurrence, cette d\u00e9cision unilat\u00e9rale et beaucoup plus \u00e9lectoraliste que celle de la France en 2015 <a href=\"https:\/\/amp-theguardian-com.cdn.ampproject.org\/c\/s\/amp.theguardian.com\/world\/article\/2024\/sep\/10\/the-end-of-schengen-germanys-new-border-controls-put-eu-unity-at-risk\" target=\"_blank\" rel=\"noreferrer noopener\">annonce une d\u00e9construction<\/a>.<\/p>\n\n\n\n<p>Ainsi, l&#8217;<a href=\"https:\/\/www.google.com\/url?sa=t&amp;source=web&amp;rct=j&amp;opi=89978449&amp;url=https:\/\/www.dailymail.co.uk\/news\/article-13833155\/Europes-fury-Germany-tightens-borders-Austria-wont-migrants.html&amp;ved=2ahUKEwizkZeO19SIAxUdfKQEHS1WFXsQxfQBKAB6BAgTEAE&amp;usg=AOvVaw1-VpFCEaUWGsxsIZwTHoAp\" target=\"_blank\" rel=\"noreferrer noopener\">Autriche a imm\u00e9diatement r\u00e9pondu<\/a> qu\u2019elle refoulerait tout migrant refus\u00e9 \u00e0 la fronti\u00e8re allemande.<\/p>\n\n\n\n<p>On peut raisonnablement imaginer qu\u2019elle prendra une d\u00e9cision similaire \u00e0 celle de son voisin, \u00e0 l\u2019approche (ou peu apr\u00e8s) des \u00e9lections l\u00e9gislatives du 29 septembre prochain.<\/p>\n\n\n\n<p>Le Premier Ministre Donald Tusk, estime que cette d\u00e9cision emporte la suspension de l\u2019accord de Schengen \u00e0 grande \u00e9chelle et qu\u2019une <a href=\"https:\/\/english.elpais.com\/international\/2024-09-16\/map-how-germanys-border-closures-jeopardize-the-schengen-area.html\" target=\"_blank\" rel=\"noreferrer noopener\">consultation urgente entre tous les Etats concern\u00e9s doit avoir lieu<\/a>.&nbsp;&nbsp;<\/p>\n\n\n\n<p>Les Pays-Bas, pourtant gouvern\u00e9s par une coalition men\u00e9e par l\u2019extr\u00eame-droite du PVV de Geert Wilders hostile \u00e0 l\u2019UE et \u00e0 l\u2019immigration, estiment que ce contr\u00f4le va lourdement affecter les 1,7 millions de travailleurs frontaliers et <a href=\"https:\/\/www.dutchnews.nl\/2024\/09\/germany-brings-in-border-controls-dutch-aim-for-minimum-impact\/\" target=\"_blank\" rel=\"noreferrer noopener\">demandent des am\u00e9nagements.<\/a><\/p>\n\n\n\n<p>Sans r\u00e9actions officielles de Paris, on peut imaginer une situation similaire \u00e0 la <a href=\"https:\/\/www.francebleu.fr\/infos\/international\/en-alsace-le-retour-des-controles-aux-frontieres-allemandes-n-est-pas-tres-bien-percu-ca-envoie-le-mauvais-message-5719631\" target=\"_blank\" rel=\"noreferrer noopener\">lecture de la presse r\u00e9gionale alscaienne<\/a>.&nbsp;<\/p>\n\n\n\n<p>Celui qui se r\u00e9jouit c\u2019est le Premier Ministre hongrois Viktor Orban, qui pr\u00e9tend ainsi avoir eu raison avant tout le monde et se <a href=\"https:\/\/www.politico.eu\/article\/viktor-orban-hungary-germany-finally-waking-up-migration-consequences-border-protection-control\/\" target=\"_blank\" rel=\"noreferrer noopener\">gausse de \u201cl\u2019avoir bien dit\u201d!<\/a>&nbsp;<\/p>\n\n\n\n<p>Dans les faits, tous les citoyens europ\u00e9ens en provenance des 8 pays concern\u00e9s seront syst\u00e9matiquement contr\u00f4l\u00e9s et ceux ne d\u00e9tenant pas de visas ne pourront pas d\u00e9poser de demande d\u2019asile.<\/p>\n\n\n\n<p>Dans son briefing quotidien, le site <a href=\"https:\/\/www.eurointelligence.com\/\" target=\"_blank\" rel=\"noreferrer noopener\">Eurointelligence<\/a> rel\u00e8ve qu\u2019Annalena Baerbock, ministre des affaires \u00e9trang\u00e8res verte f\u00e9d\u00e9rale a averti ses coll\u00e8gues qu\u2019il n\u2019est pas question de mettre en d\u00e9faut le Pacte europ\u00e9en sur les migrations et l\u2019asile vot\u00e9 au printemps dernier. (cf. <a href=\"http:\/\/europe-info-hebdo.eu\/2024\/05\/to-grin-or-not-to-grin\/\" target=\"_blank\" rel=\"noreferrer noopener\">EIH 5.05.24<\/a>).<\/p>\n\n\n\n<p>Mais ce mouvement de panique \u00e9lectoraliste montre une fois encore la persistance de l&#8217;illusion que les pays europ\u00e9ens peuvent r\u00e9soudre les probl\u00e8mes li\u00e9s aux migrations au seul niveau national.<\/p>\n","protected":false},"excerpt":{"rendered":"<p>C&#8217;est une ironie que ne manqueront pas de souligner nos voisins britanniques : le jour de la remise du rapport&hellip; <a class=\"read-more\" href=\"https:\/\/heraclite.eu\/index.php\/2024\/09\/23\/la-fin-de-schengen-chapitre-allemagne\/\">Continue Reading<\/a><\/p>\n","protected":false},"author":1,"featured_media":268,"comment_status":"closed","ping_status":"open","sticky":false,"template":"","format":"standard","meta":{"footnotes":""},"categories":[3,5,62],"tags":[65],"class_list":["post-267","post","type-post","status-publish","format-standard","has-post-thumbnail","hentry","category-general","category-politique-europeenne","category-62","tag-etat-de-droit-allemagne-extremd-droite-afd-bsw-verts-elections-europe-thuringe-saxe-brandebourg"],"_links":{"self":[{"href":"https:\/\/heraclite.eu\/index.php\/wp-json\/wp\/v2\/posts\/267"}],"collection":[{"href":"https:\/\/heraclite.eu\/index.php\/wp-json\/wp\/v2\/posts"}],"about":[{"href":"https:\/\/heraclite.eu\/index.php\/wp-json\/wp\/v2\/types\/post"}],"author":[{"embeddable":true,"href":"https:\/\/heraclite.eu\/index.php\/wp-json\/wp\/v2\/users\/1"}],"replies":[{"embeddable":true,"href":"https:\/\/heraclite.eu\/index.php\/wp-json\/wp\/v2\/comments?post=267"}],"version-history":[{"count":1,"href":"https:\/\/heraclite.eu\/index.php\/wp-json\/wp\/v2\/posts\/267\/revisions"}],"predecessor-version":[{"id":269,"href":"https:\/\/heraclite.eu\/index.php\/wp-json\/wp\/v2\/posts\/267\/revisions\/269"}],"wp:featuredmedia":[{"embeddable":true,"href":"https:\/\/heraclite.eu\/index.php\/wp-json\/wp\/v2\/media\/268"}],"wp:attachment":[{"href":"https:\/\/heraclite.eu\/index.php\/wp-json\/wp\/v2\/media?parent=267"}],"wp:term":[{"taxonomy":"category","embeddable":true,"href":"https:\/\/heraclite.eu\/index.php\/wp-json\/wp\/v2\/categories?post=267"},{"taxonomy":"post_tag","embeddable":true,"href":"https:\/\/heraclite.eu\/index.php\/wp-json\/wp\/v2\/tags?post=267"}],"curies":[{"name":"wp","href":"https:\/\/api.w.org\/{rel}","templated":true}]}}