{"id":287,"date":"2024-10-07T12:20:21","date_gmt":"2024-10-07T10:20:21","guid":{"rendered":"https:\/\/heraclite.eu\/?p=287"},"modified":"2024-10-25T18:59:45","modified_gmt":"2024-10-25T16:59:45","slug":"est-il-de-retour","status":"publish","type":"post","link":"https:\/\/heraclite.eu\/index.php\/2024\/10\/07\/est-il-de-retour\/","title":{"rendered":"Est-il de retour?"},"content":{"rendered":"\n<p>Il est des signes qui ne peuvent laisser indiff\u00e9rent. La victoire de l\u2019extr\u00eame-droite dans le pays o\u00f9 est n\u00e9 Adolf Hitler <a href=\"https:\/\/editions-syrtes.com\/produit\/la-vienne-dhitler-brigitte-hamann\/\" target=\"_blank\" rel=\"noreferrer noopener\">et o\u00f9 il s\u2019est form\u00e9 politiquement<\/a> en fait partie. En particulier quand son leader, H. Kickl multiplie les r\u00e9f\u00e9rences historiques douteuses : \u00ab politiciens [centristes] du syst\u00e8me \u00bb (Systempolitiker) \u00bb qu&#8217;il accusait de \u201ctrahison envers le peuple\u201d (Volksverrat), en reprenant deux termes utilis\u00e9s par Adolf Hitler. <a href=\"https:\/\/www.nouvelobs.com\/monde\/20241001.OBS94391\/qui-est-herbert-kickl-le-orban-autrichien-qui-fait-triompher-l-extreme-droite-en-autriche.html\" target=\"_blank\" rel=\"noreferrer noopener\">Kickl avait \u00e9galement d\u00e9clar\u00e9 vouloir devenir Volkskanzler<\/a> (Chancelier du peuple), un autre terme qui, pour certains Autrichiens, fait \u00e9cho \u00e0 celui utilis\u00e9 pour d\u00e9crire Adolf Hitler dans l&#8217;Allemagne nazie.&nbsp;&nbsp;<\/p>\n\n\n\n<ul class=\"wp-block-list\">\n<li>Ce n\u2019est certes pas la premi\u00e8re fois que le parti d\u2019extr\u00eame droite autrichien, le FP\u00d6, r\u00e9alise d\u2019excellents scores \u00e0 une \u00e9lection f\u00e9d\u00e9rale.\u00a0<\/li>\n<\/ul>\n\n\n\n<ul class=\"wp-block-list\">\n<li><a href=\"https:\/\/legrandcontinent.eu\/fr\/2024\/09\/30\/autriche-quest-ce-que-le-fpo-histoire-et-perspectives-du-parti-dextreme-droite-qui-vient-de-remporter-les-legislatives\/\" target=\"_blank\" rel=\"noreferrer noopener\">Depuis sa naissance aux premiers jours de la nouvelle r\u00e9publique d\u2019Autriche \u00e9tablie sur fond de guerre froide<\/a>, la r\u00e9insertion dans le jeu politique des anciens sympathisants et \u00e9lecteurs nazis, cette troisi\u00e8me force alternative aux chr\u00e9tiens et sociaux-d\u00e9mocrates a connu quelques succ\u00e8s, nourris des limites et des faillites des principaux partis.\u00a0\u00a0<\/li>\n<\/ul>\n\n\n\n<ul class=\"wp-block-list\">\n<li>Il a d\u2019ailleurs \u00e9t\u00e9 le pionnier en acc\u00e9dant au pouvoir en 2000, men\u00e9 par son <a href=\"https:\/\/www.letemps.ch\/monde\/dix-ans-apres-mort-lombre-jorg-haider-plane-toujours-lautriche?srsltid=AfmBOoqGfZsDPCj0um0F9Gk6OjEnm3oECCI7fZspQj0fZe4QSIUaHakU\" target=\"_blank\" rel=\"noreferrer noopener\">charismatique leader de l\u2019\u00e9poque, Jorg Haider<\/a>.\u00a0<\/li>\n<\/ul>\n\n\n\n<ul class=\"wp-block-list\">\n<li>Mais dimanche 29 septembre, <a href=\"https:\/\/www.lemonde.fr\/international\/article\/2024\/09\/29\/en-autriche-le-fpo-extreme-droite-arrive-en-tete-des-legislatives-avec-29-1-des-suffrages-selon-les-premieres-projections_6338904_3210.html\" target=\"_blank\" rel=\"noreferrer noopener\">le FP\u00d6 a gagn\u00e9 les \u00e9lections f\u00e9d\u00e9rales<\/a> en Autriche, avec presque 30% des suffrages, devan\u00e7ant les conservateurs au pouvoir qui reculent de 10 points.\u00a0\u00a0<\/li>\n<\/ul>\n\n\n\n<ul class=\"wp-block-list\">\n<li>Apr\u00e8s les Pays-Bas et le PVV de Geert Wilders (cf. <a href=\"http:\/\/europe-info-hebdo.eu\/2023\/12\/geert-rude\/\" target=\"_blank\" rel=\"noreferrer noopener\">EIH 3\/12\/23<\/a>), apr\u00e8s la victoire de Robert Fico (cf. <a href=\"http:\/\/europe-info-hebdo.eu\/2023\/10\/le-roi-de-la-pomme-de-terre\/\" target=\"_blank\" rel=\"noreferrer noopener\">EIH 8\/10\/23<\/a>) puis les succ\u00e8s de l\u2019AfD aux trois derni\u00e8res \u00e9lections r\u00e9gionales allemandes (cf. <a href=\"http:\/\/europe-info-hebdo.eu\/2024\/09\/dilemma-fur-alle\/\" target=\"_blank\" rel=\"noreferrer noopener\">EIH 8\/9\/24<\/a>), la mar\u00e9e brune monte.\u00a0<\/li>\n<\/ul>\n\n\n\n<ul class=\"wp-block-list\">\n<li>Dans <a href=\"https:\/\/legrandcontinent.eu\/fr\/2024\/10\/01\/comment-expliquer-le-succes-du-fpo-autopsie-de-la-recomposition-politique-par-lextreme-droite-en-autriche\/\" target=\"_blank\" rel=\"noreferrer noopener\">un entretien avec le Grand Continent<\/a> , le politologue Marcelo Janny revient sur les raisons et les cons\u00e9quences de ce succ\u00e8s.\u00a0\u00a0<\/li>\n<\/ul>\n\n\n\n<ul class=\"wp-block-list\">\n<li>Certes, m\u00eame s&#8217;il a gagn\u00e9 le FP\u00d6 n\u2019est pas majoritaire et ne gouvernera pas seul, s\u2019il gouverne, mais les cons\u00e9quences politiques europ\u00e9ennes sont d\u00e9j\u00e0 tr\u00e8s lourdes.\u00a0<\/li>\n<\/ul>\n\n\n\n<ul class=\"wp-block-list\">\n<li>C\u2019est un alli\u00e9 de plus de la famille d\u2019extr\u00eame-droite au Conseil, o\u00f9 si\u00e8gent d\u00e9j\u00e0 les Patriotes for Europe groupe parlementaire co-fond\u00e9 par V. Orban et M. Le Pen (cf. <a href=\"http:\/\/europe-info-hebdo.eu\/2024\/07\/50-shades-of-brown\/\" target=\"_blank\" rel=\"noreferrer noopener\">EIH 15\/7\/24<\/a>).\u00a0\u00a0<\/li>\n<\/ul>\n\n\n\n<ul class=\"wp-block-list\">\n<li>C\u2019est surtout une voix de moins pour les soutiens de l\u2019Ukraine <a href=\"https:\/\/www.diepresse.com\/18926269\/russland-begruendet-fpoe-wahlsieg-mit-oesterreichs-ukraine-politik\" target=\"_blank\" rel=\"noreferrer noopener\">comme l\u2019a salu\u00e9 imm\u00e9diatement Moscou.<\/a>\u00a0\u00a0<\/li>\n<\/ul>\n\n\n\n<ul class=\"wp-block-list\">\n<li>Mais <a href=\"https:\/\/legrandcontinent.eu\/fr\/2023\/05\/19\/lukraine-et-la-neutralite-autrichienne-les-paradoxes-dun-non-debat\/\" target=\"_blank\" rel=\"noreferrer noopener\">outre sa neutralit\u00e9 constitutive<\/a> de son identit\u00e9 post-1945, l\u2019Autriche \u00e9tait aussi l\u2019u<a href=\"https:\/\/www.ouest-france.fr\/economie\/energie\/gaz-naturel\/guerre-en-ukraine-lautriche-le-seul-pays-de-lue-qui-a-augmente-sa-dependance-au-gaz-russe-158eb15e-ca5f-11ee-be0b-364738a87aaa\" target=\"_blank\" rel=\"noreferrer noopener\">n des pays les plus d\u00e9pendants de l\u2019\u00e9nergie russe<\/a> b\u00e9n\u00e9ficiant d\u2019exemptions aux sanctions.\u00a0<\/li>\n<\/ul>\n","protected":false},"excerpt":{"rendered":"<p>Il est des signes qui ne peuvent laisser indiff\u00e9rent. La victoire de l\u2019extr\u00eame-droite dans le pays o\u00f9 est n\u00e9 Adolf&hellip; <a class=\"read-more\" href=\"https:\/\/heraclite.eu\/index.php\/2024\/10\/07\/est-il-de-retour\/\">Continue Reading<\/a><\/p>\n","protected":false},"author":1,"featured_media":288,"comment_status":"closed","ping_status":"open","sticky":false,"template":"","format":"standard","meta":{"footnotes":""},"categories":[3,5,62],"tags":[],"class_list":["post-287","post","type-post","status-publish","format-standard","has-post-thumbnail","hentry","category-general","category-politique-europeenne","category-62"],"_links":{"self":[{"href":"https:\/\/heraclite.eu\/index.php\/wp-json\/wp\/v2\/posts\/287"}],"collection":[{"href":"https:\/\/heraclite.eu\/index.php\/wp-json\/wp\/v2\/posts"}],"about":[{"href":"https:\/\/heraclite.eu\/index.php\/wp-json\/wp\/v2\/types\/post"}],"author":[{"embeddable":true,"href":"https:\/\/heraclite.eu\/index.php\/wp-json\/wp\/v2\/users\/1"}],"replies":[{"embeddable":true,"href":"https:\/\/heraclite.eu\/index.php\/wp-json\/wp\/v2\/comments?post=287"}],"version-history":[{"count":1,"href":"https:\/\/heraclite.eu\/index.php\/wp-json\/wp\/v2\/posts\/287\/revisions"}],"predecessor-version":[{"id":289,"href":"https:\/\/heraclite.eu\/index.php\/wp-json\/wp\/v2\/posts\/287\/revisions\/289"}],"wp:featuredmedia":[{"embeddable":true,"href":"https:\/\/heraclite.eu\/index.php\/wp-json\/wp\/v2\/media\/288"}],"wp:attachment":[{"href":"https:\/\/heraclite.eu\/index.php\/wp-json\/wp\/v2\/media?parent=287"}],"wp:term":[{"taxonomy":"category","embeddable":true,"href":"https:\/\/heraclite.eu\/index.php\/wp-json\/wp\/v2\/categories?post=287"},{"taxonomy":"post_tag","embeddable":true,"href":"https:\/\/heraclite.eu\/index.php\/wp-json\/wp\/v2\/tags?post=287"}],"curies":[{"name":"wp","href":"https:\/\/api.w.org\/{rel}","templated":true}]}}