{"id":432,"date":"2024-11-18T09:00:00","date_gmt":"2024-11-18T08:00:00","guid":{"rendered":"https:\/\/heraclite.eu\/?p=432"},"modified":"2024-11-17T19:54:25","modified_gmt":"2024-11-17T18:54:25","slug":"enlarge-your-eu","status":"publish","type":"post","link":"https:\/\/heraclite.eu\/index.php\/2024\/11\/18\/enlarge-your-eu\/","title":{"rendered":"Enlarge your EU"},"content":{"rendered":"\n<p>Avant que la fi\u00e8vre Musko-Trumpiste n\u2019accapare toute l\u2019attention de la sph\u00e8re m\u00e9diatique, et que l&#8217;offensive russe jusqu&#8217;<a href=\"https:\/\/www.lefigaro.fr\/international\/la-pologne-fait-decoller-des-avions-de-chasse-pendant-une-attaque-massive-de-la-russie-en-ukraine-20241117\" target=\"_blank\" rel=\"noreferrer noopener\">aux fronti\u00e8res ext\u00e9rieures<\/a> de la Hongrie et de la Pologne, nous rappelle le danger dans lequel vivent les habitants des territoires aux confins de l&#8217;UE, il reste un peu de bande passante pour les deux derniers candidats \u00e0 l\u2019Union europ\u00e9enne issus de l\u2019ex-URSS.\u00a0<\/p>\n\n\n\n<p>En G\u00e9orgie, au lendemain des \u00e9lections l\u00e9gislatives du 26 octobre, l\u2019analyse des r\u00e9sultats et les diff\u00e9rentes pr\u00e9sences internationales sugg\u00e9raient des <a href=\"https:\/\/www.google.com\/url?sa=t&amp;source=web&amp;rct=j&amp;opi=89978449&amp;url=https:\/\/www.lemonde.fr\/international\/article\/2024\/11\/11\/en-georgie-la-presidente-reclame-de-nouvelles-elections-legislatives-apres-des-accusations-de-fraude_6387846_3210.html&amp;ved=2ahUKEwiissW0xuOJAxUpKvsDHVBoNs0QFnoECBoQAQ&amp;usg=AOvVaw2EBDAHx0xQ9vTwsAssc61i\" target=\"_blank\" rel=\"noreferrer noopener\">fraudes g\u00e9n\u00e9ralis\u00e9es<\/a>, des enqu\u00eates ont donc \u00e9t\u00e9 r\u00e9clam\u00e9es.\u00a0\u00a0L\u2019UE et les Etats-Unis <a href=\"https:\/\/www.google.com\/url?sa=t&amp;source=web&amp;rct=j&amp;opi=89978449&amp;url=https:\/\/www.france24.com\/fr\/europe\/20241030-g%25C3%25A9orgie-le-parquet-dit-ouvrir-une-enqu%25C3%25AAte-pour-falsification-pr%25C3%25A9sum%25C3%25A9e-des-l%25C3%25A9gislatives-fraudes&amp;ved=2ahUKEwjoo-DGxuOJAxUSbKQEHdbKETQQFnoECBYQAQ&amp;usg=AOvVaw2_Ie1XTHFEDKS3dnQRRKGH\" target=\"_blank\" rel=\"noreferrer noopener\">d\u00e9noncent<\/a> de plus le r\u00f4le du Kremlin dans ce r\u00e9sultat. Ce dernier d\u00e9ment.\u00a0La Commission \u00e9lectorale g\u00e9orgienne, le16 novembre, confirme les r\u00e9sultats finaux : R\u00eave g\u00e9orgien r\u00e9colte 53,9 % des voix.\u00a0Evidemment, cette conclusion ne prend pas du tout en compte que <a href=\"https:\/\/www.robert-schuman.eu\/questions-d-europe\/765-elections-legislatives-du-26-octobre-en-georgie-un-referendum-sur-l-europe\" target=\"_blank\" rel=\"noreferrer noopener\">la l\u00e9gislation a \u00e9t\u00e9 r\u00e9vis\u00e9e ces derniers mois<\/a> pour garantir cette victoire.\u00a0En Abkhazie, <a href=\"https:\/\/www.france24.com\/fr\/europe\/20241115-des-manifestants-bless%C3%A9s-en-abkhazie-lors-de-protestations-contre-un-accord-avec-la-russie\" target=\"_blank\" rel=\"noreferrer noopener\">r\u00e9gion s\u00e9paratiste prorusse de la G\u00e9orgie<\/a>, de violentes\u00a0 manifestations disent avoir pour objet d\u2019emp\u00eacher la ratification d\u2019un accord permettant aux entreprises russes d\u2019investir sur ce territoire.\u00a0<\/p>\n\n\n\n<p>Mais il y a plus d\u00e9routant encore: le Premier ministre g\u00e9orgien Irakli Kobakhidz\u00e9, se f\u00e9cilite de cette juste victoire, avant de promettre que l\u2019int\u00e9gration europ\u00e9enne <a href=\"https:\/\/www.ouest-france.fr\/europe\/georgie\/les-resultats-finaux-des-legislatives-en-georgie-confirment-la-victoire-du-parti-au-pouvoir-769e6322-a3f8-11ef-b729-1d466315993e\" target=\"_blank\" rel=\"noreferrer noopener\">reste la principale priorit\u00e9<\/a><strong> <\/strong>de Tbilissi. Schizoph\u00e9nie politique, tactique masqu\u00e9e, ou hommage contemporain \u00e0 la novlangue orwellienne? <\/p>\n\n\n\n<p>Pendant ce temps, en Moldavie la situation peut sembler un peu plus simple mais les r\u00e9sultats des derniers scrutins laissent songeur.\u00a0La pr\u00e9sidente Maia Sandu, \u00e9lue en 2020, sur sa promesse de modification constitutionnelle, se trouve confront\u00e9e \u00e0 une campagne anti UE et pro-Kremlin men\u00e9e par Ilan Shor.\u00a0L\u2019homme du Kremlin dans l\u2019ancienne r\u00e9publique sovi\u00e9tique aurait orchestr\u00e9 un syst\u00e8me d\u2019achat de votes.\u00a0<\/p>\n\n\n\n<p>Il aurait r\u00e9ussi \u00e0 corrompre 300 000 \u00e9lecteurs moldaves, soit 12 % des suffrages exprim\u00e9s.\u00a0\u00a0Un <a href=\"https:\/\/dgap.org\/en\/research\/publications\/moldovas-presidential-elections-and-eu-referendum-critical-moment\" target=\"_blank\" rel=\"noreferrer noopener\">chatbot Telegram \u201cSTOP EU\u201d<\/a> proposait aux \u00e9lecteurs de verser\u00a0 entre 50 et 100 euros pour un &#8220;non&#8221; au r\u00e9f\u00e9rendum relatif \u00e0 l\u2019adh\u00e9sion \u00e0 l\u2019UE.\u00a0\u00a0R\u00e9sultat, seuls 49% des \u00e9lecteurs se sont rendus aux urnes pour participer au r\u00e9f\u00e9rendum et 50,4% d\u2019entre eux ont vot\u00e9 en faveur de l\u2019int\u00e9gration europ\u00e9enne en tant qu\u2019objectif dans la constitution (V. <a href=\"http:\/\/europe-info-hebdo.eu\/2024\/10\/refephantom\/\" target=\"_blank\" rel=\"noreferrer noopener\">EIH, 28.10.2024<\/a>).\u00a0<\/p>\n\n\n\n<p>En outre, Ma\u00efa Sandu, candidate pro-UE dans la course \u00e0 la pr\u00e9sidentielle se trouvait face \u00e0 Alexandre Stoianoglo, le dimanche 3 novembre 2024.\u00a0Elle a <a href=\"https:\/\/legrandcontinent.eu\/fr\/2024\/11\/04\/presidentielle-moldave-que-cache-la-reelection-de-maia-sandu\/\" target=\"_blank\" rel=\"noreferrer noopener\">remport\u00e9 le scrutin avec 55,3 % des voix,<\/a> une victoire que l\u2019on peut qualifier de confortable, assortie d\u2019un taux de participation plus \u00e9lev\u00e9 qu\u2019au 1e tour.\u00a0On peut en d\u00e9duire que la campagne anti-UE concernait essentiellement le r\u00e9f\u00e9rendum et non pas sa t\u00eate d\u2019affiche.\u00a0<\/p>\n\n\n\n<p>La future commissaire \u00e0 l\u2019\u00e9largissement Marta Kos se trouve donc dans une situation in\u00e9dite.\u00a0Lors de son audition au Parlement europ\u00e9en du 7 novembre, elle a expos\u00e9 clairement qu\u2019au regard des pr\u00e9c\u00e9dents g\u00e9orgien et moldave, le Kremlin appara\u00eet d\u00e9termin\u00e9 \u00e0 nuire \u00e0 l\u2019Union.\u00a0Apr\u00e8s plus d\u2019une d\u00e9cennie \u00e0 d\u00e9nigrer la construction europ\u00e9enne, ou au mieux \u00e0 l\u2019ignorer, on se demande pourquoi le pouvoir russe utilise autant de moyens pour ralentir la candidature g\u00e9orgienne et la modification constitutionnelle moldave.\u00a0Depuis plus d\u2019une d\u00e9cennie aussi, l\u2019\u00e9largissement constitue le \u201cparent pauvre\u201d de la construction, ce qui explique un certain d\u00e9sint\u00e9r\u00eat.\u00a0L\u2019\u00e9largissement de l&#8217;UE est encore tr\u00e8s largement \u2013 par principe \u2013 critiqu\u00e9.\u00a0Et la candidature de l\u2019Ukraine ne semble encore vue par beaucoup que comme un des moyens de pression g\u00e9opolitique sur la Russie. Les commissaires pr\u00e9c\u00e9dents ne donnaient l\u2019impression de ne voir dans l\u2019\u00e9largissement que l\u2019opportunit\u00e9 de d\u00e9velopper les affaires de leur Etat d\u2019origine avec les voisins candidats.<\/p>\n\n\n\n<p>L&#8217;UE serait-elle enfin en train de se penser comme une puissance g\u00e9opolitique?<\/p>\n","protected":false},"excerpt":{"rendered":"<p>Avant que la fi\u00e8vre Musko-Trumpiste n\u2019accapare toute l\u2019attention de la sph\u00e8re m\u00e9diatique, et que l&#8217;offensive russe jusqu&#8217;aux fronti\u00e8res ext\u00e9rieures de&hellip; <a class=\"read-more\" href=\"https:\/\/heraclite.eu\/index.php\/2024\/11\/18\/enlarge-your-eu\/\">Continue Reading<\/a><\/p>\n","protected":false},"author":1,"featured_media":433,"comment_status":"closed","ping_status":"open","sticky":false,"template":"","format":"standard","meta":{"footnotes":""},"categories":[53,5,62],"tags":[],"class_list":["post-432","post","type-post","status-publish","format-standard","has-post-thumbnail","hentry","category-geopolitique","category-politique-europeenne","category-62"],"_links":{"self":[{"href":"https:\/\/heraclite.eu\/index.php\/wp-json\/wp\/v2\/posts\/432"}],"collection":[{"href":"https:\/\/heraclite.eu\/index.php\/wp-json\/wp\/v2\/posts"}],"about":[{"href":"https:\/\/heraclite.eu\/index.php\/wp-json\/wp\/v2\/types\/post"}],"author":[{"embeddable":true,"href":"https:\/\/heraclite.eu\/index.php\/wp-json\/wp\/v2\/users\/1"}],"replies":[{"embeddable":true,"href":"https:\/\/heraclite.eu\/index.php\/wp-json\/wp\/v2\/comments?post=432"}],"version-history":[{"count":1,"href":"https:\/\/heraclite.eu\/index.php\/wp-json\/wp\/v2\/posts\/432\/revisions"}],"predecessor-version":[{"id":434,"href":"https:\/\/heraclite.eu\/index.php\/wp-json\/wp\/v2\/posts\/432\/revisions\/434"}],"wp:featuredmedia":[{"embeddable":true,"href":"https:\/\/heraclite.eu\/index.php\/wp-json\/wp\/v2\/media\/433"}],"wp:attachment":[{"href":"https:\/\/heraclite.eu\/index.php\/wp-json\/wp\/v2\/media?parent=432"}],"wp:term":[{"taxonomy":"category","embeddable":true,"href":"https:\/\/heraclite.eu\/index.php\/wp-json\/wp\/v2\/categories?post=432"},{"taxonomy":"post_tag","embeddable":true,"href":"https:\/\/heraclite.eu\/index.php\/wp-json\/wp\/v2\/tags?post=432"}],"curies":[{"name":"wp","href":"https:\/\/api.w.org\/{rel}","templated":true}]}}