{"id":489,"date":"2025-02-10T11:11:00","date_gmt":"2025-02-10T10:11:00","guid":{"rendered":"https:\/\/heraclite.eu\/?p=489"},"modified":"2025-03-16T12:49:36","modified_gmt":"2025-03-16T11:49:36","slug":"democratie-europeenne-et-ecologie","status":"publish","type":"post","link":"https:\/\/heraclite.eu\/index.php\/2025\/02\/10\/democratie-europeenne-et-ecologie\/","title":{"rendered":"D\u00e9mocratie europ\u00e9enne et \u00e9cologie"},"content":{"rendered":"\n<div class=\"wp-block-group has-medium-font-size\"><div class=\"wp-block-group__inner-container is-layout-constrained wp-block-group-is-layout-constrained\">\n<p>Pour ne pas d\u00e9pendre des seuls acteurs institutionnels ou industriels, la Commission&nbsp; europ\u00e9enne contribue au financement des ONG, en particulier environnementales,&nbsp;<a href=\"https:\/\/transparency-france.org\/2023\/11\/27\/jean-comte-pour-ne-pas-dependre-des-administrations-nationales-ladministration-bruxelloise-organise-sa-dependance-envers-les-lobbys\/\">comme l\u2019explique<\/a>&nbsp;le sp\u00e9cialiste&nbsp;<a href=\"https:\/\/presses.uliege.be\/produit\/au-coeur-du-lobbying-europeen-version-revue-et-augmentee\/\">du lobbying bruxellois, le journaliste Jean Comte<\/a>.&nbsp; Malheureusement, ce financement des ONG par l\u2019Union&nbsp; se trouve aujourd\u2019hui au c\u0153ur d\u2019une remise en question profonde, aliment\u00e9e par les r\u00e9orientations budg\u00e9taires li\u00e9es aux crises \u00e9conomiques, \u00e9nerg\u00e9tiques et g\u00e9opolitiques.&nbsp;&nbsp;<\/p>\n\n\n\n<p>L\u2019offensive est&nbsp;<a href=\"https:\/\/www.politico.eu\/article\/europe-conservative-target-ngo-financing-rules-eu-taxpayer-money\/\">d\u2019abord venue du PPE<\/a>&nbsp;\u00e0 la suite des \u00e9lections de 2024. Au-del\u00e0, plusieurs \u00c9tats membres de l\u2019UE, principalement d\u2019Europe centrale, militent en faveur d\u2019une r\u00e9duction des fonds allou\u00e9s \u00e0 ces ONG. Ils&nbsp;<a href=\"https:\/\/www.euractiv.com\/section\/politics\/interview\/ribera-speaks-on-the-right-and-the-perversion-of-its-ngo-funding-clampdown\/?utm_source=Euractiv&amp;utm_campaign=33ef340660-EMAIL_CAMPAIGN_2024_03_15_11_14_COPY_02&amp;utm_medium=email&amp;utm_term=0_-c120410112-439291562\">estiment que ces ressources devraient \u00eatre redirig\u00e9es vers des priorit\u00e9s internes jug\u00e9es plus urgentes, telles que la s\u00e9curit\u00e9 ou la relance \u00e9conomique.<\/a>&nbsp;&nbsp;<\/p>\n\n\n\n<p>Cette pression croissante menace de compromettre des projets humanitaires essentiels, portant notamment sur les droits humains, la justice sociale et l\u2019environnement. <a href=\"https:\/\/www.eenews.net\/articles\/europes-conservatives-target-green-groups-financing-rules\/\">L\u2019UE fait face \u00e0 des critiques de plus en plus acerbes sur la gestion de ces financements.<\/a>&nbsp;Si la Commission europ\u00e9enne propose de mieux cibler l\u2019utilisation des fonds, en particulier pour des initiatives qui r\u00e9pondent aux urgences \u00e9cologiques et sociales, cette volont\u00e9 se heurte \u00e0 des r\u00e9sistances internes.<\/p>\n\n\n\n<p>Les d\u00e9put\u00e9s de droite au Parlement europ\u00e9en, en particulier du Parti populaire europ\u00e9en (PPE) et du groupe des Conservateurs et r\u00e9formistes europ\u00e9ens (CRE), demandent plus de transparence sur le financement des ONG par l\u2019UE.<\/p>\n\n\n\n<p>La d\u00e9put\u00e9e Monika Hohlmeier, membre du PPE et vice-pr\u00e9sidente de la commission des budgets,&nbsp;<a href=\"https:\/\/www.politico.eu\/article\/europe-conservative-target-ngo-financing-rules-eu-taxpayer-money\/\">a notamment d\u00e9clar\u00e9 avoir \u00ab&nbsp;d\u00e9couvert d\u2019\u00e9normes probl\u00e8mes&nbsp;\u00bb concernant la r\u00e9partition des fonds dans le cadre du programme de financement envisronnemental et climatique de l\u2019UE, connu sous le nom de LIFE.<\/a>&nbsp;<\/p>\n\n\n\n<p>Les repr\u00e9sentants des \u00c9tats membres, notamment ceux aux positions plus conservatrices, consid\u00e8rent ainsi que&nbsp;<a href=\"https:\/\/up-magazine.info\/decryptages\/analyses\/131908-des-ong-environnementales-dans-le-viseur-du-parlement-europeen\/\">les fonds publics doivent \u00eatre utilis\u00e9s de mani\u00e8re plus pragmatique, en privil\u00e9giant la stabilit\u00e9 interne de l\u2019UE et en r\u00e9pondant aux besoins imm\u00e9diats de ses citoyens.<\/a>&nbsp;<\/p>\n\n\n\n<p>Un autre enjeu majeur est celui du financement des ONG environnementales, particuli\u00e8rement en lien avec le&nbsp;<a href=\"https:\/\/commission.europa.eu\/strategy-and-policy\/priorities-2019-2024\/european-green-deal_fr\">Green Deal europ\u00e9en<\/a>.&nbsp;&nbsp;<\/p>\n\n\n\n<p><a href=\"https:\/\/www.lpo.fr\/qui-sommes-nous\/espace-presse\/communiques\/cp-2025\/les-ong-environnementales-dans-le-viseur-du-parlement-europeen\">Bien que des financements aient \u00e9t\u00e9 allou\u00e9s pour soutenir la transition \u00e9cologique, de nombreuses ONG estiment que les montants restent insuffisants au regard des d\u00e9fis mondiaux pos\u00e9s par le changement climatique<\/a>. Ces organisations plaident pour un r\u00e9ajustement des priorit\u00e9s budg\u00e9taires, arguant qu\u2019une meilleure allocation des ressources est essentielle pour atteindre les objectifs ambitieux de neutralit\u00e9 carbone de l\u2019UE d\u2019ici 2050. <a href=\"https:\/\/www.euractiv.com\/section\/politics\/interview\/ribera-speaks-on-the-right-and-the-perversion-of-its-ngo-funding-clampdown\/?utm_source=Euractiv&amp;utm_campaign=33ef340660-EMAIL_CAMPAIGN_2024_03_15_11_14_COPY_02&amp;utm_medium=email&amp;utm_term=0_-c120410112-439291562\">Cette remise en question du financement des ONG illustre la tension croissante entre les priorit\u00e9s internes de l\u2019Union europ\u00e9enne et ses engagements ext\u00e9rieurs.<\/a>&nbsp;&nbsp;<\/p>\n\n\n\n<p>Si certains \u00c9tats membres privil\u00e9gient un renforcement des capacit\u00e9s internes face \u00e0 des menaces g\u00e9opolitiques et \u00e9conomiques, d\u2019autres rappellent l\u2019importance de maintenir les financements pour des causes universelles telles que les droits humains, l\u2019environnement et l\u2019aide humanitaire. Dans ce contexte, la viabilit\u00e9 du mod\u00e8le de financement des ONG, fond\u00e9 en grande partie sur les contributions des \u00c9tats membres, semble de plus en plus fragile.&nbsp; Des r\u00e9formes de fond pourraient s\u2019av\u00e9rer n\u00e9cessaires pour maintenir un \u00e9quilibre entre les aspirations internes de l\u2019UE et ses engagements globaux.&nbsp;<\/p>\n<\/div><\/div>\n","protected":false},"excerpt":{"rendered":"<p>Pour ne pas d\u00e9pendre des seuls acteurs institutionnels ou industriels, la Commission&nbsp; europ\u00e9enne contribue au financement des ONG, en particulier&hellip; <a class=\"read-more\" href=\"https:\/\/heraclite.eu\/index.php\/2025\/02\/10\/democratie-europeenne-et-ecologie\/\">Continue Reading<\/a><\/p>\n","protected":false},"author":1,"featured_media":491,"comment_status":"open","ping_status":"open","sticky":false,"template":"","format":"standard","meta":{"footnotes":""},"categories":[76,4,5,62],"tags":[],"class_list":["post-489","post","type-post","status-publish","format-standard","has-post-thumbnail","hentry","category-democratie","category-ecologie","category-politique-europeenne","category-62"],"_links":{"self":[{"href":"https:\/\/heraclite.eu\/index.php\/wp-json\/wp\/v2\/posts\/489"}],"collection":[{"href":"https:\/\/heraclite.eu\/index.php\/wp-json\/wp\/v2\/posts"}],"about":[{"href":"https:\/\/heraclite.eu\/index.php\/wp-json\/wp\/v2\/types\/post"}],"author":[{"embeddable":true,"href":"https:\/\/heraclite.eu\/index.php\/wp-json\/wp\/v2\/users\/1"}],"replies":[{"embeddable":true,"href":"https:\/\/heraclite.eu\/index.php\/wp-json\/wp\/v2\/comments?post=489"}],"version-history":[{"count":1,"href":"https:\/\/heraclite.eu\/index.php\/wp-json\/wp\/v2\/posts\/489\/revisions"}],"predecessor-version":[{"id":492,"href":"https:\/\/heraclite.eu\/index.php\/wp-json\/wp\/v2\/posts\/489\/revisions\/492"}],"wp:featuredmedia":[{"embeddable":true,"href":"https:\/\/heraclite.eu\/index.php\/wp-json\/wp\/v2\/media\/491"}],"wp:attachment":[{"href":"https:\/\/heraclite.eu\/index.php\/wp-json\/wp\/v2\/media?parent=489"}],"wp:term":[{"taxonomy":"category","embeddable":true,"href":"https:\/\/heraclite.eu\/index.php\/wp-json\/wp\/v2\/categories?post=489"},{"taxonomy":"post_tag","embeddable":true,"href":"https:\/\/heraclite.eu\/index.php\/wp-json\/wp\/v2\/tags?post=489"}],"curies":[{"name":"wp","href":"https:\/\/api.w.org\/{rel}","templated":true}]}}