{"id":580,"date":"2025-10-06T11:11:59","date_gmt":"2025-10-06T09:11:59","guid":{"rendered":"https:\/\/heraclite.eu\/?p=580"},"modified":"2025-10-13T11:51:45","modified_gmt":"2025-10-13T09:51:45","slug":"moldavie-ou-syldavie","status":"publish","type":"post","link":"https:\/\/heraclite.eu\/index.php\/2025\/10\/06\/moldavie-ou-syldavie\/","title":{"rendered":"Moldavie ou Syldavie?"},"content":{"rendered":"\n<p class=\"has-medium-font-size\">Une \u00e9lection parlementaire \u00e0 haut risque se tenait ce mois de septembre 2025 en Moldavie. Depuis son ind\u00e9pendance au moment de l\u2019explosion de l\u2019URSS en 1991, la Russie n\u2019a cess\u00e9 d\u2019exercer une forte influence sur la Moldavie via l\u2019\u00e9nergie, l\u2019\u00e9conomie, les partis prorusses et les m\u00e9dias.&nbsp;&nbsp;<\/p>\n\n\n\n<p class=\"has-medium-font-size\">Comme <a href=\"https:\/\/legrandcontinent.eu\/fr\/2025\/09\/11\/poutine-moldavie-enquete\/\" target=\"_blank\" rel=\"noreferrer noopener\">l\u2019explique le Grand Continent<\/a>, Moscou avait mont\u00e9 pour ces \u00e9lections un plan hybride massif (\u00ab plan Kirienko \u00bb). Il combine achat de votes (notamment en Transnistrie), d\u00e9sinformation et financements occultes, pour d\u00e9tourner le pays de son orientation europ\u00e9enne. Plusieurs figures cl\u00e9s \u2014 Igor Dodon, Vladimir Voronin, Irina Vlah, l\u2019oligarque Ilan \u0218or ou encore le mouvement \u00ab Alternative \u00bb \u2014 agissent pour fragmenter l\u2019\u00e9lectorat pro-europ\u00e9en et renforcer le camp prorusse. L\u2019\u00c9glise orthodoxe affili\u00e9e au Patriarcat de Moscou sert aussi de relais, au point que <a href=\"https:\/\/x.com\/colon_david\/status\/1971473713720951252?s=48&amp;t=9tjiRAGTLIRoIDuTQOMM3w\" target=\"_blank\" rel=\"noreferrer noopener\">la Russie avait financ\u00e9 des p\u00e8lerinages de pr\u00eatres orthodoxes<\/a> charg\u00e9s ensuite de revenir pr\u00eacher la bonne parole poutinienne aux \u00e9lecteurs.&nbsp;&nbsp;<\/p>\n\n\n\n<p class=\"has-medium-font-size\">Pourtant, malgr\u00e9 l\u2019ing\u00e9rence russe et un contexte \u00e9conomique difficile, le parti pro-europ\u00e9en <strong>PAS<\/strong> de la pr\u00e9sidente de la R\u00e9publique <strong>Maia Sandu<\/strong> conserve sa majorit\u00e9 absolue avec <strong>50,2 % des voix<\/strong>. <a href=\"https:\/\/www.linkedin.com\/posts\/sebastiengobert_comme-%C3%A0-son-habitude-la-commission-%C3%A9lectorale-activity-7378348485844082688-kitv\/?utm_source=share&amp;utm_medium=member_desktop&amp;rcm=ACoAAACOTH4BeVpP2KNWYzt7ObcSo-VH-P1mIQY\" target=\"_blank\" rel=\"noreferrer noopener\">Les r\u00e9sultats ont \u00e9t\u00e9 certifi\u00e9s par la Commission \u00e9lectorale,<\/a> montrant une augmentation du nombre de voix pour le PAS en valeur absolue par rapport \u00e0 2021 et une am\u00e9lioration de son score aupr\u00e8s des \u00e9lecteurs de Transnistrie. Pour la premi\u00e8re fois, les voix de la diaspora n&#8217;ont pas \u00e9t\u00e9 indispensables \u00e0 la victoire: le PAS est arriv\u00e9 en t\u00eate en Moldavie m\u00eame.<\/p>\n\n\n\n<p class=\"has-medium-font-size\">Le PAS re\u00e7oit donc <a href=\"https:\/\/www.lemonde.fr\/international\/article\/2025\/09\/29\/en-moldavie-le-parti-pro-europeen-de-la-presidente-maia-sandu-en-tete-des-legislatives_6643318_3210.html\" target=\"_blank\" rel=\"noreferrer noopener\">un mandat clair pour poursuivre le rapprochement avec l\u2019Union europ\u00e9enne.<\/a>&nbsp;&nbsp;<\/p>\n\n\n\n<p class=\"has-medium-font-size\">Une trajectoire europ\u00e9enne consolid\u00e9e, alors que le pays <a href=\"https:\/\/www.consilium.europa.eu\/en\/press\/press-releases\/2024\/06\/25\/eu-opens-accession-negotiations-with-moldova\/?utm_source=chatgpt.com\" target=\"_blank\" rel=\"noreferrer noopener\">a entam\u00e9 les n\u00e9gociations<\/a> d\u2019adh\u00e9sion depuis 2024 (<a href=\"http:\/\/europe-info-hebdo.eu\/2023\/11\/agent-triple\/\" target=\"_blank\" rel=\"noreferrer noopener\">ES 12\/11\/23<\/a>). Mais apr\u00e8s avoir esp\u00e9r\u00e9 <a href=\"https:\/\/www.moldpres.md\/eng\/eu-1\/chisinau-authorities-prepare-for-the-opening-of-negotiations-on-the-first-cluster-of-chapters-fundamental-values?\" target=\"_blank\" rel=\"noreferrer noopener\">les premiers rounds<\/a>, le gouvernement moldave <a href=\"https:\/\/www.aa.com.tr\/en\/europe\/moldova-wants-to-open-all-eu-negotiation-chapters-by-year-s-end\/3589034?\" target=\"_blank\" rel=\"noreferrer noopener\">ne peut plus envisager l&#8217;ouverture de tous les chapitres<\/a> d\u2019ici la fin de l\u2019ann\u00e9e, le processus d\u2019adh\u00e9sion \u00e0 l\u2019UE reste bloqu\u00e9 par <strong>un veto hongrois, r<\/strong><a href=\"https:\/\/www.liberation.fr\/international\/europe\/apres-les-elections-legislatives-la-moldavie-devient-un-symbole-de-leurope-face-a-moscou-20250929_662CR7DRN5HP5AINJU36XIAAZQ\/\" target=\"_blank\" rel=\"noreferrer noopener\"><strong>appelle <em>Lib\u00e9ration.<\/em><\/strong><\/a> Budapest <a href=\"https:\/\/neweasterneurope.eu\/2025\/10\/06\/ukraine-and-moldova-trapped-by-the-hungarian-veto\/\" target=\"_blank\" rel=\"noreferrer noopener\">pr\u00e9texte notamment ses pr\u00e9occupations<\/a> sur les droits de la minorit\u00e9 hongroise en Ukraine. En cons\u00e9quence, la Moldavie \u2014 qui remplit aussi les crit\u00e8res techniques \u2014 se voit emp\u00each\u00e9e d\u2019avancer.&nbsp;&nbsp;<\/p>\n\n\n\n<p class=\"has-medium-font-size\">Entre chantage pour extorquer de meilleures conditions financi\u00e8res de la part de l\u2019UE ou complaisance complice avec les objectifs g\u00e9opolitiques de la Russie, la Hongrie bloque les futurs \u00e9largissements. Y compris \u00e0 l\u2019Ukraine, rappelant combien la politique d\u2019\u00e9largissement est d\u2019abord un outil et un enjeu g\u00e9opolitique d\u2019affirmation pour l\u2019Europe d\u2019une identit\u00e9 quasiment civilisationnelle.&nbsp;&nbsp;<\/p>\n\n\n\n<p class=\"has-medium-font-size\">Dans une analyse toute en profondeur historique <a href=\"https:\/\/legrandcontinent.eu\/fr\/2023\/09\/30\/elargissement-de-lunion-achever-leurope-apres-linvasion-de-lukraine\/\" target=\"_blank\" rel=\"noreferrer noopener\">pour Le Grand Continent<\/a>, Laurent Warlouzet repla\u00e7ait justement l\u2019\u00e9largissement de l\u2019UE dans le contexte post-invasion de l\u2019Ukraine, comme une question non seulement g\u00e9opolitique, mais identitaire et institutionnelle. Depuis 2022, l\u2019Ukraine et la Moldavie sont candidates, for\u00e7ant l\u2019Union \u00e0 repenser les fronti\u00e8res, ses r\u00e8gles et ses capacit\u00e9s. L\u2019\u00e9largissement repr\u00e9sente une \u201cr\u00e9unification\u201d n\u00e9cessaire de l\u2019Europe, mais le processus est long, exigeant et soul\u00e8ve des craintes comme la dilution des standards, la transformation institutionnelle, ou le risque de devenir simple zone de libre-\u00e9change.<\/p>\n\n\n\n<p class=\"has-medium-font-size\">Pour r\u00e9ussir, l\u2019UE doit simultan\u00e9ment <strong>s\u2019agrandir<\/strong> et <strong>se r\u00e9former<\/strong> : renforcer ses institutions, garantir l\u2019\u00c9tat de droit, miser sur la solidarit\u00e9 tout en maintenant exigence d\u00e9mocratique.<\/p>\n\n\n\n<p class=\"has-medium-font-size\">Chaque \u00e9largissement est un d\u00e9fi.&nbsp;<\/p>\n","protected":false},"excerpt":{"rendered":"<p>Une \u00e9lection parlementaire \u00e0 haut risque se tenait ce mois de septembre 2025 en Moldavie. Depuis son ind\u00e9pendance au moment&hellip; <a class=\"read-more\" href=\"https:\/\/heraclite.eu\/index.php\/2025\/10\/06\/moldavie-ou-syldavie\/\">Continue Reading<\/a><\/p>\n","protected":false},"author":1,"featured_media":581,"comment_status":"closed","ping_status":"open","sticky":false,"template":"","format":"standard","meta":{"footnotes":""},"categories":[76,53,5,62],"tags":[],"class_list":["post-580","post","type-post","status-publish","format-standard","has-post-thumbnail","hentry","category-democratie","category-geopolitique","category-politique-europeenne","category-62"],"_links":{"self":[{"href":"https:\/\/heraclite.eu\/index.php\/wp-json\/wp\/v2\/posts\/580"}],"collection":[{"href":"https:\/\/heraclite.eu\/index.php\/wp-json\/wp\/v2\/posts"}],"about":[{"href":"https:\/\/heraclite.eu\/index.php\/wp-json\/wp\/v2\/types\/post"}],"author":[{"embeddable":true,"href":"https:\/\/heraclite.eu\/index.php\/wp-json\/wp\/v2\/users\/1"}],"replies":[{"embeddable":true,"href":"https:\/\/heraclite.eu\/index.php\/wp-json\/wp\/v2\/comments?post=580"}],"version-history":[{"count":1,"href":"https:\/\/heraclite.eu\/index.php\/wp-json\/wp\/v2\/posts\/580\/revisions"}],"predecessor-version":[{"id":582,"href":"https:\/\/heraclite.eu\/index.php\/wp-json\/wp\/v2\/posts\/580\/revisions\/582"}],"wp:featuredmedia":[{"embeddable":true,"href":"https:\/\/heraclite.eu\/index.php\/wp-json\/wp\/v2\/media\/581"}],"wp:attachment":[{"href":"https:\/\/heraclite.eu\/index.php\/wp-json\/wp\/v2\/media?parent=580"}],"wp:term":[{"taxonomy":"category","embeddable":true,"href":"https:\/\/heraclite.eu\/index.php\/wp-json\/wp\/v2\/categories?post=580"},{"taxonomy":"post_tag","embeddable":true,"href":"https:\/\/heraclite.eu\/index.php\/wp-json\/wp\/v2\/tags?post=580"}],"curies":[{"name":"wp","href":"https:\/\/api.w.org\/{rel}","templated":true}]}}