{"id":586,"date":"2025-10-20T10:35:14","date_gmt":"2025-10-20T08:35:14","guid":{"rendered":"https:\/\/heraclite.eu\/?p=586"},"modified":"2025-10-20T10:35:14","modified_gmt":"2025-10-20T08:35:14","slug":"q-ano","status":"publish","type":"post","link":"https:\/\/heraclite.eu\/index.php\/2025\/10\/20\/q-ano\/","title":{"rendered":"Q-ANO"},"content":{"rendered":"\n<p class=\"has-medium-font-size\">On votait en R\u00e9publique&nbsp;tch\u00e8que&nbsp;les 4 et 5 octobre dernier.&nbsp;<a href=\"https:\/\/www.lemonde.fr\/international\/article\/2025\/10\/04\/en-republique-tcheque-andrej-babis-et-son-parti-ano-arrivent-largement-en-tete-des-elections-legislatives_6644426_3210.html\" target=\"_blank\" rel=\"noreferrer noopener\">Le&nbsp;mouvement&nbsp;ANO dirig\u00e9 par Andrej\u202fBabi\u0161 a remport\u00e9 la premi\u00e8re place<\/a>&nbsp;avec&nbsp;environ 34,5% des voix et 80 si\u00e8ges sur&nbsp;200.&nbsp;C\u2019est une victoire pour le groupe d\u2019extr\u00eame-droite Patriotes pour l\u2019Europe de&nbsp;V.&nbsp;Orban, au&nbsp;Parlement europ\u00e9en,&nbsp;o\u00f9 si\u00e8gent aussi le RN et la Lega.&nbsp;Comme aux \u00e9lections europ\u00e9ennes de 2024, les lib\u00e9raux et le bloc central&nbsp;sont en recul&nbsp;net&nbsp;:&nbsp;l\u2019alliance sortante&nbsp;<em>Spolu<\/em>&nbsp;(coalition de centre-droite) conduite par le Premier ministre Petr\u202fFiala&nbsp;s\u2019est effondr\u00e9e \u00e0 pr\u00e8s de 23\u201324 %.&nbsp;<\/p>\n\n\n\n<p class=\"has-medium-font-size\">Pendant la campagne \u00e9lectorale,&nbsp;A.&nbsp;Babi\u0161&nbsp;a d\u00e9fini son propre type de populisme, promettant de diriger le pays comme une entreprise. Sa campagne comportait des \u00e9l\u00e9ments similaires \u00e0 celle de&nbsp;D.&nbsp;Trump, comme les casquettes rouges. Mais au lieu de se pr\u00e9senter devant de grandes foules,&nbsp;A.Babi\u0161&nbsp;a principalement fait campagne devant de petits groupes, v\u00eatu d&#8217;un surv\u00eatement et d&#8217;un jean, avec des t-shirts arborant les slogans \u00ab&nbsp;Czechia, tout pour vous \u00bb ou \u00ab&nbsp;Czechia&nbsp;\u2013 contre la folie verte \u00bb.&nbsp;&nbsp;<\/p>\n\n\n\n<p class=\"has-medium-font-size\">A.&nbsp;Babi\u0161&nbsp;est un milliardaire qui aime se pr\u00e9senter comme le porte-parole des pauvres et des opprim\u00e9s. Les r\u00e9sultats sugg\u00e8rent que cela a fonctionn\u00e9.&nbsp;<\/p>\n\n\n\n<p class=\"has-medium-font-size\">Cependant,&nbsp;pour atteindre une majorit\u00e9 d\u2019environ 108 si\u00e8ges&nbsp;\u00e0 l\u2019assembl\u00e9e parlementaire&nbsp;tch\u00e8que,&nbsp;ANO ne disposant pas de majorit\u00e9,&nbsp;A.&nbsp;Babi\u0161&nbsp;doit entamer des n\u00e9gociations de coalition ou d\u2019alliance de soutien avec des partis plus petits. Notamment le parti d\u2019extr\u00eame droite Freedom and Direct&nbsp;Democracy&nbsp;(SPD) et un parti de droite-populiste&nbsp;<a href=\"https:\/\/www.euractiv.com\/news\/as-coalition-talks-continue-populist-motorists-eye-czech-foreign-ministry\/\" target=\"_blank\" rel=\"noreferrer noopener\">\u00ab Motoristes pour nous\u2011m\u00eames \u00bb<\/a>&nbsp;. Ce&nbsp;dernier&nbsp;mobilise les jeunes hommes en jouant sur la frustration li\u00e9e \u00e0 la \u00ab route \u00bb, l\u2019automobile et la masculinit\u00e9. Il m\u00eale un discours anti-\u00e9cologiste, pro-voiture et anti-\u00e9lite, refl\u00e9tant une nouvelle vague de \u00ab politique de la col\u00e8re routi\u00e8re \u00bb. <a href=\"https:\/\/www.bloomberg.com\/opinion\/articles\/2025-10-09\/czech-motorists-party-road-rage-is-winning-over-young-men-in-europe?embedded-checkout=true\" target=\"_blank\" rel=\"noreferrer noopener\">Cette dynamique d\u00e9passe la Tch\u00e9quie et illustre une tendance en Europe :<\/a> des cat\u00e9gories d\u2019\u00e9lecteurs masculins se d\u00e9tournent des partis traditionnels au profit de mouvements de revendication identitaire et culturelle.&nbsp;<\/p>\n\n\n\n<p class=\"has-medium-font-size\">Cela&nbsp;peut&nbsp;para\u00eetre&nbsp;marginal, mais la pouss\u00e9e populiste repose justement sur le rejet&nbsp;des politiques environnementales, de l\u2019affirmation des femmes et des minorit\u00e9s et une affirmation viriliste de puissance&nbsp;personnelle&nbsp;et collective &#8211; tr\u00e8s bien illustr\u00e9e par D. Trump.<\/p>\n\n\n\n<p class=\"has-medium-font-size\">C\u2019est surtout un&nbsp;mouvement de d\u00e9fiance&nbsp;g\u00e9n\u00e9ral&nbsp;envers l\u2019Etat de droit. Une d\u00e9fiance qui&nbsp;touche aussi les d\u00e9mocraties \u00e9tablies comme la France. Il y avait d\u00e9j\u00e0 eu&nbsp;<a href=\"https:\/\/www.lemonde.fr\/politique\/article\/2024\/09\/30\/les-propos-de-bruno-retailleau-sur-l-etat-de-droit-et-l-immigration-suscitent-la-reprobation-des-macronistes_6339655_823448.html\" target=\"_blank\" rel=\"noreferrer noopener\">les propos&nbsp;r\u00e9cents d\u2019un ministre relativisant<\/a>&nbsp;sans vergogne l\u2019importance de l\u2019Etat de droit<a href=\"https:\/\/www.leclubdesjuristes.com\/politique\/democratie-et-etat-de-droit-sont-ils-des-synonymes-7193\/\" target=\"_blank\" rel=\"noreferrer noopener\">&nbsp;face au vote d\u00e9mocratique<\/a>. La&nbsp;condamnation de&nbsp;l\u2019ancien pr\u00e9sident&nbsp;Nicolas Sarkozy&nbsp;a&nbsp;fait ressurgir les pol\u00e9miques concernant l&#8217;ind\u00e9pendance de la justice&nbsp;qui souligne la&nbsp;vuln\u00e9rabilit\u00e9 de l&#8217;Etat de droit en&nbsp;Europe.<\/p>\n\n\n\n<p class=\"has-medium-font-size\">Le&nbsp;scrutin&nbsp;tch\u00e8que&nbsp;marque&nbsp;le&nbsp;retour&nbsp;de la R\u00e9publique&nbsp;tch\u00e8que&nbsp;dans la&nbsp;dynamique&nbsp;populiste&nbsp;qui anime la&nbsp;politique&nbsp;europ\u00e9enne&nbsp;depuis&nbsp;2010. C\u2019est&nbsp;aussi&nbsp;&nbsp;un retour politique&nbsp;majeur&nbsp;pour&nbsp;A.&nbsp;Babi\u0161&nbsp;avec un&nbsp;d\u00e9fi&nbsp;\u00e9norme&nbsp;pour la formation d\u2019un&nbsp;gouvernement&nbsp;stable. La&nbsp;strat\u00e9gie&nbsp;populiste&nbsp;d\u2019ANO&nbsp;a&nbsp;affaibli&nbsp;ses&nbsp;alli\u00e9s&nbsp;potentiels&nbsp;en&nbsp;siphonnant&nbsp;des voix des partis&nbsp;radicaux&nbsp;mais&nbsp;il doit&nbsp;d\u00e9sormais&nbsp;n\u00e9gocier&nbsp;avec&nbsp;eux&nbsp;pour former&nbsp;une&nbsp;majorit\u00e9. Le parti&nbsp;oscille&nbsp;d\u00e9sormais&nbsp;entre&nbsp;conservatisme&nbsp;social et politiques de gauche sur&nbsp;l\u2019\u00e9conomie,&nbsp;tandis&nbsp;que&nbsp;l\u2019opposition&nbsp;lib\u00e9rale&nbsp;(\u00ab bloc&nbsp;d\u00e9mocratique&nbsp;\u00bb) conserve des&nbsp;marges&nbsp;de&nbsp;man\u0153uvre&nbsp;pour mobiliser des&nbsp;\u00e9lecteurs&nbsp;m\u00e9contents. <a href=\"https:\/\/blogs.lse.ac.uk\/europpblog\/2025\/10\/06\/2025-czech-election-andrej-babis-pyrrhic-victory\/\" target=\"_blank\" rel=\"noreferrer noopener\">Une \u00ab&nbsp;victoire \u00e0 la Pyrrhus&nbsp;\u00bb, explique le blog LSE<\/a>,&nbsp;mais&nbsp;victoire&nbsp;tout de&nbsp;m\u00eame.&nbsp;<\/p>\n\n\n\n<p class=\"has-medium-font-size\">Les \u00e9lections tch\u00e8ques le confirment encore : il y a une&nbsp;dynamique&nbsp;trumpiste&nbsp;\u00e0 l&#8217;\u0153uvre&nbsp;en Europe. Entre populisme et imp\u00e9rialisme, l&#8217;UE et la Commission europ\u00e9enne se trouvent en&nbsp;<a href=\"https:\/\/www.ouest-france.fr\/europe\/ue\/ursula-von-der-leyen\/encore-deux-motions-de-censure-contre-ursula-von-der-leyen-pourquoi-elles-vont-se-multiplier-86e083f6-a2ac-11f0-a698-dbf3ac8f3cb6\" target=\"_blank\" rel=\"noreferrer noopener\">position de difficult\u00e9<\/a>&nbsp;face \u00e0 la r\u00e9surgence des discours identitaires et la dynamique \u00e9lectorale&nbsp;populiste mobilis\u00e9e contre l\u2019Etat de droit. En Allemagne, l\u2019AfD&nbsp;multiplie les attaques contre la Cour constitutionnelle, accus\u00e9e de faire obstacle \u00e0 la \u00ab volont\u00e9 du peuple \u00bb. En adoptant une posture de pers\u00e9cution, l\u2019AfD&nbsp;se pr\u00e9sente comme victime d\u2019un syst\u00e8me judiciaire complice des \u00e9lites. Cette mise en sc\u00e8ne politique lui permet de capitaliser sur un ressentiment croissant, y compris&nbsp;\u00e0 l\u2019ouest du pays. Elle a quasiment&nbsp;<a href=\"https:\/\/www.politico.eu\/article\/far-right-afd-west-germany-vote-cdu-spd-polls\/\" target=\"_blank\" rel=\"noreferrer noopener\">tripl\u00e9 son score<\/a>&nbsp;lors des \u00e9lections&nbsp;municipales dans la r\u00e9gion de&nbsp;Rheinland-Nord&nbsp;Westphalen, le&nbsp;14 septembre 2025. Elle&nbsp;confirme ainsi&nbsp;son enracinement territorial&nbsp;hors de la seule ex-Allemagne de l\u2019Est.&nbsp;&nbsp;<\/p>\n\n\n\n<p class=\"has-medium-font-size\">En R\u00e9publique tch\u00e8que,&nbsp;la victoire d\u2019Andrej&nbsp;Babi\u0161,&nbsp;<a href=\"https:\/\/euractiv.fr\/news\/republique-tcheque-andrej-babis-forme-une-majorite-pour-gouverner-et-se-proteger-dun-proces\/\" target=\"_blank\" rel=\"noreferrer noopener\">poursuivi pour d\u00e9tournement de fonds europ\u00e9ens<\/a>,&nbsp;s&#8217;est construite sur son&nbsp;discours victimaire devenu un classique populiste accusant l\u2019UE et la justice de vouloir entraver sa volont\u00e9 de&nbsp;r\u00e9forme. La majorit\u00e9 qu&#8217;il tente de construire pourrait&nbsp;r\u00e9ussir \u00e0&nbsp;bloquer toute lev\u00e9e immunitaire parlementaire \u00e0 son encontre.<\/p>\n\n\n\n<p class=\"has-medium-font-size\">La condamnation historique d&#8217;un ex-chef d&#8217;\u00c9tat d&#8217;un&nbsp;grand&nbsp;pays de l&#8217;Union europ\u00e9enne \u00e0 de&nbsp;la&nbsp;prison ferme stimule les assauts contre la justice, cible privil\u00e9gi\u00e9e de ces mouvements. Cette affaire refl\u00e8te une incoh\u00e9rence repr\u00e9sentative des discours&nbsp;trumpiens&nbsp;: une&nbsp;volont\u00e9 de justice ferme coupl\u00e9e \u00e0 une d\u00e9nonciation d&#8217;un \u00c9tat de droit partisan et d&#8217;une justice partiale et corrompue. Les r\u00e9actions illustrent cet hypocrite&nbsp;paradoxe&nbsp;o\u00f9 les personnalit\u00e9s de la droite radicale exigent de la fermet\u00e9 pour les autres, tout en d\u00e9non\u00e7ant une&nbsp;\u00ab justice \u00e0 deux vitesses \u00bb, \u00ab instrumentalisation \u00bb, \u00ab proc\u00e8s politique \u00bb.&nbsp;<\/p>\n\n\n\n<p class=\"has-medium-font-size\">L\u2019inflation des discours populistes en Europe ne peut \u00eatre dissoci\u00e9e de l\u2019influence id\u00e9ologique et technologique des \u00c9tats-Unis. Cette mont\u00e9e des extr\u00eames se corr\u00e8le avec une d\u00e9pendance forte des usagers europ\u00e9ens aux r\u00e9seaux sociaux contr\u00f4l\u00e9s par les Am\u00e9ricains tels que X qui a abandonn\u00e9 ses anciennes m\u00e9thodes de r\u00e9gulation depuis le rachat par Elon Musk.<\/p>\n\n\n\n<p class=\"has-medium-font-size\">La libert\u00e9 d&#8217;expression europ\u00e9enne devient donc&nbsp;<a href=\"https:\/\/legrandcontinent.eu\/fr\/2025\/09\/24\/enshittification-la-nouvelle-doctrine-de-lempire-americain\/\" target=\"_blank\" rel=\"noreferrer noopener\">d\u00e9pendante de sa conception am\u00e9ricaine<\/a>&nbsp;avec le 1er amendement.&nbsp;&nbsp;<\/p>\n\n\n\n<p class=\"has-medium-font-size\">Ce mod\u00e8le entre en contradiction avec les garde-fous que tente d\u2019instaurer l\u2019Union europ\u00e9enne via des dispositifs comme le Digital Services&nbsp;Act&nbsp;(DSA), cr\u00e9ant un rapport de force entre droit national et plateforme globale.<\/p>\n\n\n\n<p class=\"has-medium-font-size\">De plus, l&#8217;assassinat de Charlie Kirk, le militant ultra conservateur et fondateur de&nbsp;<em>Turning&nbsp;Point USA,<\/em>&nbsp;renforce&nbsp;<a href=\"https:\/\/www.euractiv.com\/news\/rapporteur-europes-far-right-kirk-bump\/\" target=\"_blank\" rel=\"noreferrer noopener\">la notion de martyr<\/a>&nbsp;pour la droite radicale&nbsp;qui se&nbsp;r\u00e9percute&nbsp;en Europe o\u00f9 l&#8217;on a pu voir une tentative de minute de silence au Parlement Europ\u00e9en&nbsp;&#8211;&nbsp;<a href=\"https:\/\/www.lemonde.fr\/idees\/article\/2025\/09\/16\/nathalie-loiseau-eurodeputee-apres-l-assassinat-de-charlie-kirk-il-y-a-des-silences-qui-en-disent-plus-que-de-longs-discours_6641418_3232.html\" target=\"_blank\" rel=\"noreferrer noopener\">une tentative d\u00e9nonc\u00e9e&nbsp;par l\u2019eurod\u00e9put\u00e9e Nathalie Loiseau (FR-Renew).<\/a> Ce crime est devenu un tremplin pour antagoniser le camp adverse comme en atteste le d\u00e9cret de Donald Trump visant \u00e0 classer les mouvements&nbsp;anti-fascistes&nbsp;comme terroristes. Cette id\u00e9e avait notamment \u00e9t\u00e9&nbsp;<a href=\"https:\/\/www.lemonde.fr\/international\/article\/2025\/09\/27\/apres-les-etats-unis-la-hongrie-classe-a-son-tour-le-mouvement-antifa-comme-organisation-terroriste_6643156_3210.html\" target=\"_blank\" rel=\"noreferrer noopener\">reprise par Viktor Orban en Hongrie<\/a>.<\/p>\n\n\n\n<p class=\"has-medium-font-size\">Avec le&nbsp;basculement&nbsp;de la R\u00e9publique&nbsp;tch\u00e8que&nbsp;et le retour de&nbsp;A.&nbsp;Babis \u00e0 Prague,&nbsp;c\u2019est&nbsp;la premi\u00e8re&nbsp;fois&nbsp;depuis&nbsp;l\u2019\u00e9lection&nbsp;de V. Orban&nbsp;en&nbsp;2010&nbsp;que&nbsp;le&nbsp;groupe&nbsp;de&nbsp;Visegrad, qui&nbsp;r\u00e9unit&nbsp;Pologne,&nbsp;Hongrie,&nbsp;Slovaquie&nbsp;et R\u00e9publique,&nbsp;se&nbsp;retrouve&nbsp;en&nbsp;majorit\u00e9&nbsp;align\u00e9&nbsp;sur les positions de droite radicale de l\u2019ind\u00e9boulonnable Premier ministre hongrois \u2013 qui pourrait se retrouver lui-m\u00eame victime&nbsp;des retournements d\u2019alternance <a href=\"https:\/\/www.eurotopics.net\/fr\/344689\/hongrie-orban-peut-il-perdre-le-pouvoir-en-2026\" target=\"_blank\" rel=\"noreferrer noopener\">aux \u00e9lections g\u00e9n\u00e9rales de 2026 en Hongrie.<\/a><\/p>\n\n\n\n<p class=\"has-medium-font-size\">Il&nbsp;y aura&nbsp;donc&nbsp;une force avec laquelle il faudra compter dans l&#8217;\u00e9laboration des politiques europ\u00e9ennes. A.&nbsp;Babi\u0161&nbsp;et&nbsp;V.&nbsp;Orb\u00e1n&nbsp;ont fond\u00e9 ensemble le groupe Patriots for Europe au Parlement europ\u00e9en. A.&nbsp;Babi\u0161&nbsp;est un pragmatique qui est plus susceptible de d\u00e9fendre les int\u00e9r\u00eats nationaux \u00e0 Bruxelles et de r\u00e9former les institutions et le programme de l&#8217;UE. Un nouveau gouvernement tch\u00e8que dirig\u00e9 par&nbsp;A.&nbsp;Babi\u0161&nbsp;pourrait \u00e9galement rejoindre le groupe de pays qui d\u00e9fendent l&#8217;industrie automobile \u00e0 moteur thermique.<\/p>\n\n\n\n<p class=\"has-medium-font-size\">Moins eurosceptique et id\u00e9ologique que&nbsp;V.&nbsp;Orb\u00e1n,&nbsp;A.&nbsp;Babi\u0161&nbsp;pourrait toutefois rejoindre un groupe Hongrie-Slovaquie-R\u00e9publique tch\u00e8que susceptible de freiner le soutien \u00e0 l&#8217;Ukraine et de s&#8217;opposer \u00e0 son adh\u00e9sion \u00e0 l&#8217;UE. Alors que le conflit entre l\u2019Ukraine et la Russie s\u2019intensifie, avec frappes massives sur les infrastructures \u00e9nerg\u00e9tiques et des incursions de drones dans l\u2019espace a\u00e9rien de pays de l\u2019OTAN, le pr\u00e9sident&nbsp;<a href=\"https:\/\/www.reuters.com\/world\/zelenskiy-goes-trump-more-support-ukraine-war-escalates-2025-10-16\/\" target=\"_blank\" rel=\"noreferrer noopener\">Zelenskiy s\u2019est rendu \u00e0 Washington<\/a>&nbsp;pour rencontrer Trump et solliciter davantage de soutien militaire, notamment des missiles \u00e0 longue port\u00e9e et des d\u00e9fenses a\u00e9riennes.&nbsp;&nbsp;<a href=\"https:\/\/www.bbc.com\/news\/live\/cj6ne4xjg6kt\" target=\"_blank\" rel=\"noreferrer noopener\">Sans succ\u00e8s<\/a>.&nbsp;<\/p>\n\n\n\n<p class=\"has-medium-font-size\"><a href=\"https:\/\/www.rfi.fr\/fr\/europe\/20251005-r%C3%A9publique-tch%C3%A8que-quelle-politique-sur-l-ukraine-apr%C3%A8s-la-victoire-de-babis-aux-l%C3%A9gislatives\" target=\"_blank\" rel=\"noreferrer noopener\">RFI revient sur ce basculement potentie<\/a>l, pour la politique tch\u00e8que vis-\u00e0-vis de l\u2019Ukraine. Jusqu\u2019alors, Prague soutenait activement&nbsp;Kyiv, notamment via un programme d\u2019acheminement d\u2019obus. A.&nbsp;Babi\u0161, lors de la campagne, a critiqu\u00e9 ce programme comme \u00ab\u2009sur\u00e9valu\u00e9 et opaque\u2009\u00bb et indiqu\u00e9 vouloir le transf\u00e9rer sous contr\u00f4le de l\u2019OTAN, tout en continuant l\u2019aide \u00ab en principe \u00bb. N\u00e9anmoins, le pr\u00e9sident&nbsp;de la R\u00e9publique&nbsp;tch\u00e8que Petr\u202fPavel, en tant que garant de la politique \u00e9trang\u00e8re, a appel\u00e9 les partis \u00e0 maintenir leur soutien \u00e0 l\u2019Ukraine malgr\u00e9 ce changement d\u2019orientation.<\/p>\n\n\n\n<p class=\"has-medium-font-size\"><a href=\"https:\/\/www.msn.com\/en-us\/news\/world\/czech-election-winner-babis-speaks-to-zelenskiy-as-ukraine-ammunition-scheme-at-risk\/ar-AA1O9EM7\" target=\"_blank\" rel=\"noreferrer noopener\">Comme le rapporte Reuters<\/a>,&nbsp;Andrej&nbsp;Babi\u0161&nbsp;a eu un entretien t\u00e9l\u00e9phonique avec&nbsp;Volodymyr&nbsp;Zelenskiy, premier contact officiel depuis le scrutin. Lors de la campagne,&nbsp;A.&nbsp;Babi\u0161&nbsp;et son parti ANO avaient promis de remettre en cause le programme tch\u00e8que d\u2019acheminement de munitions vers l\u2019Ukraine, le qualifiant de &#8220;sur\u00e9valu\u00e9&nbsp;et opaque&#8221;. On notera que le poste des Affaires \u00e9trang\u00e8res est vis\u00e9 par le parti des \u201cMotoristes\u201d &#8211; un int\u00e9r\u00eat singulier pour ce genre de formation populiste \u2013 qui laisse planer le soup\u00e7on d\u2019une affiliation \u00e9trang\u00e8re assez directe.&nbsp;&nbsp;<\/p>\n\n\n\n<p class=\"has-medium-font-size\">N\u00e9anmoins, la formation du gouvernement r\u00e9serve encore quelques surprises puisque&nbsp;A.&nbsp;Babis aurait demand\u00e9 au Parti des automobilistes de changer leur candidat au poste de ministre dans le futur gouvernement de coalition. En effet, leur t\u00eate de liste, l\u2019actuel d\u00e9put\u00e9 europ\u00e9en&nbsp;<a href=\"https:\/\/www.politico.eu\/article\/czech-government-talks-stall-over-foreign-minister-nominee-filip-turek-controversy-motorists\/\" target=\"_blank\" rel=\"noreferrer noopener\">Filip Turek, vise le portefeuille des affaires \u00e9trang\u00e8res, mais est embourb\u00e9 dans plusieurs controverses<\/a>&nbsp;autour d\u2019anciens posts racistes, sexistes et homophobes sur les r\u00e9seaux sociaux.&nbsp;&nbsp;<\/p>\n","protected":false},"excerpt":{"rendered":"<p>On votait en R\u00e9publique&nbsp;tch\u00e8que&nbsp;les 4 et 5 octobre dernier.&nbsp;Le&nbsp;mouvement&nbsp;ANO dirig\u00e9 par Andrej\u202fBabi\u0161 a remport\u00e9 la premi\u00e8re place&nbsp;avec&nbsp;environ 34,5% des voix&hellip; <a class=\"read-more\" href=\"https:\/\/heraclite.eu\/index.php\/2025\/10\/20\/q-ano\/\">Continue Reading<\/a><\/p>\n","protected":false},"author":1,"featured_media":587,"comment_status":"closed","ping_status":"open","sticky":false,"template":"","format":"standard","meta":{"footnotes":""},"categories":[76,53,6,5,62],"tags":[],"class_list":["post-586","post","type-post","status-publish","format-standard","has-post-thumbnail","hentry","category-democratie","category-geopolitique","category-identite-culture-memoire","category-politique-europeenne","category-62"],"_links":{"self":[{"href":"https:\/\/heraclite.eu\/index.php\/wp-json\/wp\/v2\/posts\/586"}],"collection":[{"href":"https:\/\/heraclite.eu\/index.php\/wp-json\/wp\/v2\/posts"}],"about":[{"href":"https:\/\/heraclite.eu\/index.php\/wp-json\/wp\/v2\/types\/post"}],"author":[{"embeddable":true,"href":"https:\/\/heraclite.eu\/index.php\/wp-json\/wp\/v2\/users\/1"}],"replies":[{"embeddable":true,"href":"https:\/\/heraclite.eu\/index.php\/wp-json\/wp\/v2\/comments?post=586"}],"version-history":[{"count":1,"href":"https:\/\/heraclite.eu\/index.php\/wp-json\/wp\/v2\/posts\/586\/revisions"}],"predecessor-version":[{"id":588,"href":"https:\/\/heraclite.eu\/index.php\/wp-json\/wp\/v2\/posts\/586\/revisions\/588"}],"wp:featuredmedia":[{"embeddable":true,"href":"https:\/\/heraclite.eu\/index.php\/wp-json\/wp\/v2\/media\/587"}],"wp:attachment":[{"href":"https:\/\/heraclite.eu\/index.php\/wp-json\/wp\/v2\/media?parent=586"}],"wp:term":[{"taxonomy":"category","embeddable":true,"href":"https:\/\/heraclite.eu\/index.php\/wp-json\/wp\/v2\/categories?post=586"},{"taxonomy":"post_tag","embeddable":true,"href":"https:\/\/heraclite.eu\/index.php\/wp-json\/wp\/v2\/tags?post=586"}],"curies":[{"name":"wp","href":"https:\/\/api.w.org\/{rel}","templated":true}]}}