{"id":609,"date":"2025-12-08T10:20:27","date_gmt":"2025-12-08T09:20:27","guid":{"rendered":"https:\/\/heraclite.eu\/?p=609"},"modified":"2025-12-08T10:20:27","modified_gmt":"2025-12-08T09:20:27","slug":"fat-for-55","status":"publish","type":"post","link":"https:\/\/heraclite.eu\/index.php\/2025\/12\/08\/fat-for-55\/","title":{"rendered":"FAT FOR 55"},"content":{"rendered":"\n<p class=\"has-medium-font-size\">\u00a0Apr\u00e8s le \u201cfit for 55\u201d (<a href=\"https:\/\/europe-info-hebdo.eu\/2022\/04\/iron-fit\/\">ES 14\/4\/22<\/a>), l&#8217;UE s&#8217;est fix\u00e9e comme objectif de r\u00e9duire ses \u00e9missions nettes de gaz \u00e0 effet de serre de 90 % \u00e0 l\u2019horizon 2040 (par rapport \u00e0 1990). En\u00a0adoptant une position tr\u00e8s proche de celle des Etats membres sur l\u2019objectif 2040, le 13 novembre 2025, le Parlement europ\u00e9en s\u2019est align\u00e9 sur la r\u00e9alit\u00e9 politique de l\u2019UE en mati\u00e8re\u00a0climatique :\u00a0il n\u2019est plus possible d\u2019\u00eatre trop ambitieux dans un contexte qui met sous pression les acquis du Green Deal.<\/p>\n\n\n\n<p class=\"has-medium-font-size\"><a href=\"https:\/\/www.lemonde.fr\/planete\/article\/2025\/06\/26\/climat-la-france-remet-en-cause-l-objectif-europeen-de-90-d-emissions-de-co-en-2040_6615927_3244.html\">D\u2019ailleurs la France avait tent\u00e9 \u00e0 l\u2019\u00e9t\u00e9 de&nbsp;remettre en cause cet objectif.<\/a> Elle invoquait la comp\u00e9titivit\u00e9 industrielle et d\u00e9fendait le \u201cpragmatisme\u201d en conditionnant son soutien \u00e0 une strat\u00e9gie industrielle ambitieuse et \u00e0 une reconnaissance \u00e9quivalente du nucl\u00e9aire. Cette position avait occasionn\u00e9 un d\u00e9bat difficile au sommet europ\u00e9en et fragilisant momentan\u00e9ment l\u2019unit\u00e9 de l\u2019Union autour de ses ambitions climatiques.&nbsp;<\/p>\n\n\n\n<p class=\"has-medium-font-size\">Au cours du vote au Parlement, une cinquantaine de membres du PPE (principalement polonais et espagnols) se sont aussi oppos\u00e9s \u00e0 l\u2019objectif, aux c\u00f4t\u00e9s de la droite nationale (ECR) et des extr\u00eames droites (PfE&nbsp;et ESN).<\/p>\n\n\n\n<p class=\"has-medium-font-size\">Le Parlement a aussi valid\u00e9&nbsp;<a href=\"https:\/\/carbonmarketwatch.org\/2025\/10\/28\/changes-to-ets2-take-pressure-off-fossil-fuels-and-puts-it-back-on-people-and-the-climate\/\">le report d\u2019un an, \u00e0 2028, le march\u00e9 du carbone<\/a>&nbsp;pour la route et le b\u00e2timent (ETS2). Une mesure dont beaucoup craignent les effets impopulaires sur les citoyens, et une protestation de type Gilets Jaunes.&nbsp;<\/p>\n\n\n\n<p class=\"has-medium-font-size\">Le Parlement a en outre valid\u00e9 le recours propos\u00e9 par les Etats membres \u00e0 des \u201ccr\u00e9dits carbone internationaux\u201d.&nbsp;C\u2019est \u00e0 dire l\u2019achat aupr\u00e8s de pays en d\u00e9veloppement de leur \u201cdroit \u00e0 \u00e9mettre des gaz \u00e0 effet de serre\u201d Une mesure qui rappelle les&nbsp;<a href=\"https:\/\/www.homaio.com\/post\/what-are-free-carbon-allowances-under-the-eu-ets\">quotas gratuits<\/a>&nbsp;des d\u00e9buts du march\u00e9 carbone europ\u00e9en (<a href=\"https:\/\/data.consilium.europa.eu\/doc\/document\/ST-14960-2025-INIT\/en\/pdf\">encore en vigueur pour certains<\/a>), et&nbsp;qui permet aux entreprises europ\u00e9ennes de s\u2019\u00e9viter quelques efforts co\u00fbteux.<\/p>\n\n\n\n<p class=\"has-medium-font-size\"><a href=\"https:\/\/www.lemonde.fr\/planete\/article\/2025\/11\/05\/les-pays-de-l-ue-trouvent-un-accord-a-l-arrache-sur-leurs-objectifs-climatiques-au-prix-de-nombreuses-concessions_6652285_3244.html?search-type=classic&amp;ise_click_rank=3\">Cette mesure, adopt\u00e9e par le Conseil de l&#8217;UE juste avant l\u2019ouverture de la COP30 sur le climat<\/a>&nbsp;permet&nbsp;donc l\u2019utilisation de ces cr\u00e9dits carbone \u00e9trangers, pour couvrir 5 % de l&#8217;objectif de r\u00e9duction des \u00e9missions de 90 % par rapport aux niveaux de 1990. C&#8217;est plus que les 3 % initialement pr\u00e9vus par la Commission europ\u00e9enne. Il contient \u00e9galement une option pour 5 % suppl\u00e9mentaires qui peuvent \u00eatre pris en compte par des cr\u00e9dits carbone \u00e9trangers. Concr\u00e8tement, l&#8217;objectif de 90 % est en fait devenu un objectif de 80 %.&nbsp;<\/p>\n\n\n\n<p class=\"has-medium-font-size\">C\u2019est pour cela que&nbsp;<a href=\"https:\/\/www.contexte.com\/fr\/article\/energie\/cible-climatique-2040-le-risque-dune-victoire-a-la-pyrrhus_244838\">le site&nbsp;<em>Contexte<\/em>&nbsp;parle d\u2019une \u201cvictoire \u00e0 la Pyrrhus\u201d pour le climat<\/a>. En effet, l\u2019accord int\u00e8gre de nombreuses \u00ab flexibilit\u00e9s \u00bb destin\u00e9es \u00e0 adoucir l\u2019impact sur la comp\u00e9titivit\u00e9 industrielle et sur les \u00e9conomies nationales.&nbsp;Certains craignent que ces compromis transforment l\u2019objectif en un simple symbole politique, tout \u00e0 fait insuffisant face \u00e0 l\u2019urgence climatique. Ils risquent de compromettre la r\u00e9alisation effective des r\u00e9ductions d\u2019\u00e9missions, voire de menacer l\u2019objectif 2030.&nbsp;En cons\u00e9quence, l\u2019engagement pourrait s\u2019av\u00e9rer insuffisant ou trop dilu\u00e9 pour relever le d\u00e9fi climatique \u00e0 venir. Plusieurs ONG et experts&nbsp;<a href=\"https:\/\/www.novethic.fr\/environnement\/climat\/les-27-sauvent-in-extremis-la-credibilite-climatique-de-lue-au-prix-de-nombreuses-concessions\">d\u00e9noncent une cible insuffisante<\/a>&nbsp;pour rester sur 1,5 \u00b0C et une d\u00e9pendance \u00e0 des m\u00e9canismes de compensation jug\u00e9s peu robustes. Ils d\u00e9plorent un compromis affaibli par les pressions industrielles et certains \u00c9tats membres.<\/p>\n\n\n\n<p class=\"has-medium-font-size\">Alors qu\u2019elle \u00e9tait exemplaire jusqu\u2019ici elle se montre finalement align\u00e9e sur les nouveaux standards mondiaux de comp\u00e9titivit\u00e9 impos\u00e9s par la concurrence g\u00e9opolitique des grandes puissances&nbsp;fossiles. Si la trajectoire de d\u00e9carbonation n\u2019est pas officiellement remise en question, la cr\u00e9dibilit\u00e9 de l\u2019UE en mati\u00e8re climatique est en jeu.<\/p>\n","protected":false},"excerpt":{"rendered":"<p>\u00a0Apr\u00e8s le \u201cfit for 55\u201d (ES 14\/4\/22), l&#8217;UE s&#8217;est fix\u00e9e comme objectif de r\u00e9duire ses \u00e9missions nettes de gaz \u00e0&hellip; <a class=\"read-more\" href=\"https:\/\/heraclite.eu\/index.php\/2025\/12\/08\/fat-for-55\/\">Continue Reading<\/a><\/p>\n","protected":false},"author":1,"featured_media":610,"comment_status":"closed","ping_status":"open","sticky":false,"template":"","format":"standard","meta":{"footnotes":""},"categories":[4,5,62],"tags":[],"class_list":["post-609","post","type-post","status-publish","format-standard","has-post-thumbnail","hentry","category-ecologie","category-politique-europeenne","category-62"],"_links":{"self":[{"href":"https:\/\/heraclite.eu\/index.php\/wp-json\/wp\/v2\/posts\/609"}],"collection":[{"href":"https:\/\/heraclite.eu\/index.php\/wp-json\/wp\/v2\/posts"}],"about":[{"href":"https:\/\/heraclite.eu\/index.php\/wp-json\/wp\/v2\/types\/post"}],"author":[{"embeddable":true,"href":"https:\/\/heraclite.eu\/index.php\/wp-json\/wp\/v2\/users\/1"}],"replies":[{"embeddable":true,"href":"https:\/\/heraclite.eu\/index.php\/wp-json\/wp\/v2\/comments?post=609"}],"version-history":[{"count":1,"href":"https:\/\/heraclite.eu\/index.php\/wp-json\/wp\/v2\/posts\/609\/revisions"}],"predecessor-version":[{"id":613,"href":"https:\/\/heraclite.eu\/index.php\/wp-json\/wp\/v2\/posts\/609\/revisions\/613"}],"wp:featuredmedia":[{"embeddable":true,"href":"https:\/\/heraclite.eu\/index.php\/wp-json\/wp\/v2\/media\/610"}],"wp:attachment":[{"href":"https:\/\/heraclite.eu\/index.php\/wp-json\/wp\/v2\/media?parent=609"}],"wp:term":[{"taxonomy":"category","embeddable":true,"href":"https:\/\/heraclite.eu\/index.php\/wp-json\/wp\/v2\/categories?post=609"},{"taxonomy":"post_tag","embeddable":true,"href":"https:\/\/heraclite.eu\/index.php\/wp-json\/wp\/v2\/tags?post=609"}],"curies":[{"name":"wp","href":"https:\/\/api.w.org\/{rel}","templated":true}]}}