{"id":673,"date":"2026-03-16T14:24:00","date_gmt":"2026-03-16T13:24:00","guid":{"rendered":"https:\/\/heraclite.eu\/?p=673"},"modified":"2026-03-18T14:27:27","modified_gmt":"2026-03-18T13:27:27","slug":"673","status":"publish","type":"post","link":"https:\/\/heraclite.eu\/index.php\/2026\/03\/16\/673\/","title":{"rendered":"Moscou-Washington: la tenaille infernale"},"content":{"rendered":"\n<p class=\"has-medium-font-size\"><a href=\"https:\/\/fr.euronews.com\/my-europe\/2025\/12\/31\/2026-les-elections-cles-qui-faconneront-lavenir-de-leurope\" target=\"_blank\" rel=\"noreferrer noopener\">2026 est un cru \u00e9lectoral important<\/a>. Du Portugal en f\u00e9vrier &#8211;&nbsp;<a href=\"http:\/\/europe-info-hebdo.eu\/2026\/02\/make-europe-ductile-again\/\" target=\"_blank\" rel=\"noreferrer noopener\">ES 23\/2\/26<\/a>), \u00e0 la Slov\u00e9nie&nbsp;<a href=\"https:\/\/eualive.net\/slovenias-rightward-turn-trumpist-orban-inspired-jansa-poised-for-comeback\/\" target=\"_blank\" rel=\"noreferrer noopener\">de Jansa, l\u2019ami de Orban et Melania Trump<\/a>&nbsp;(22 mars), au Danemark puissance tut\u00e9laire du Groenland (24 mars), la Hongrie de Orban et la Bulgarie&nbsp;<a href=\"https:\/\/www.greeneuropeanjournal.eu\/the-tipping-point-of-bulgarias-democracy\/\" target=\"_blank\" rel=\"noreferrer noopener\">chroniquement instable<\/a>&nbsp;en avril, Chypre pr\u00e9sident en exercice du Conseil de l\u2019UE (mai), \u00e0 la Su\u00e8de&nbsp;<a href=\"https:\/\/www.lemonde.fr\/international\/article\/2026\/03\/13\/en-suede-les-liberaux-prets-a-gouverner-avec-l-extreme-droite_6671080_3210.html\" target=\"_blank\" rel=\"noreferrer noopener\">o\u00f9 p\u00e8se l&#8217;extr\u00eame-droite<\/a>&nbsp;(septembre) et la Lettonie pays frontalier de la Russie (octobre), de nombreux scrutins nationaux importants pour les \u00e9quilibres internes de l\u2019UE vont avoir lieu, dans un contexte plus tendu que jamais par la crise de l\u2019Etat de droit et les risque d\u2019ing\u00e9rences ext\u00e9rieures.&nbsp;<\/p>\n\n\n\n<p class=\"has-medium-font-size\"><a href=\"https:\/\/www.wilsoncenter.org\/article\/increased-election-interference-activity-eastern-europe-reveals-difficulties-democracies\" target=\"_blank\" rel=\"noreferrer noopener\">Il y avait d\u00e9j\u00e0 la Russie, tr\u00e8s impliqu\u00e9e dans la hausse des ing\u00e9rences \u00e9lectorales en Europe centrale et orientale<\/a>, lors des scrutins r\u00e9cents. Ces op\u00e9rations combinent d\u00e9sinformation, achat de votes, intimidation d\u2019\u00e9lecteurs ou amplification de discours extr\u00eames afin de favoriser des candidats pro-russes et de polariser les soci\u00e9t\u00e9s. Des cas en Moldavie, G\u00e9orgie ou Roumanie illustrent ces tactiques.&nbsp;&nbsp;<\/p>\n\n\n\n<p class=\"has-medium-font-size\">Les d\u00e9mocraties peinent \u00e0 r\u00e9pondre efficacement : leurs r\u00e8gles de libert\u00e9 d\u2019expression, les difficult\u00e9s d\u2019attribution et les d\u00e9lais tr\u00e8s courts des campagnes \u00e9lectorales limitent les r\u00e9actions.<\/p>\n\n\n\n<p class=\"has-medium-font-size\">Avec l\u2019affirmation sans fard d\u2019un soutien aux forces politiques \u201camies\u201d dans les pays europ\u00e9ens \u2013 y compris dans les affaires judiciaires si l\u2019on se souvient des d\u00e9clarations au moment du proc\u00e8s du RN (<a href=\"http:\/\/europe-info-hebdo.eu\/2024\/11\/rnception\/\" target=\"_blank\" rel=\"noreferrer noopener\">ES 17\/11\/24<\/a>) &#8211; combin\u00e9e \u00e0 la force de frappe des r\u00e9seaux sociaux (<a href=\"http:\/\/europe-info-hebdo.eu\/2026\/02\/make-europe-ductile-again\/\" target=\"_blank\" rel=\"noreferrer noopener\">ES 23\/2\/26<\/a>), les Etats-Unis font d\u00e9sormais peser une menace r\u00e9elle sur la sinc\u00e9rit\u00e9 des scrutins.<\/p>\n\n\n\n<p class=\"has-medium-font-size\">Les tentatives d&#8217;influence am\u00e9ricaine dans des \u00e9lections europ\u00e9ennes ne sont pas nouvelles. La guerre froide est jalonn\u00e9e de ces exemples de soutien aux forces centrales et pro occidentales en Europe de l\u2019Ouest, contre les tentations nationales comme le gaullisme ou les oppositions communistes. Mais premi\u00e8rement, ce sont d\u00e9sormais des soutiens non plus aux institutions, mais aux forces qui entendent les renverser. Et deuxi\u00e8mement, l\u2019objectif est de provoquer un alignement id\u00e9ologique total sur les positions&nbsp;trumpistes&nbsp;dans tous les domaines. En particulier l\u2019interpr\u00e9tation de la libert\u00e9 et de l\u2019Etat de droit.&nbsp;&nbsp;<\/p>\n\n\n\n<p class=\"has-medium-font-size\">Les Etats Unis de D. Trump et des barons de la Tech, plut\u00f4t que des op\u00e9rations classiques de manipulation de vote&nbsp;privil\u00e9gient les ing\u00e9rences&nbsp;indirectes via les financements, les \u00e9cosyst\u00e8mes m\u00e9diatiques, les plateformes et les relais partisans.<\/p>\n\n\n\n<p class=\"has-medium-font-size\">En France, le soutien \u00e0 la campagne de la candidate&nbsp;zemmouriste&nbsp;\u00e0 la mairie de Paris, Sarah&nbsp;Knafo,&nbsp;en fait la candidate&nbsp;trumpiste&nbsp;autoproclam\u00e9e. Son parti \u201cReconqu\u00eate !\u201d a nou\u00e9 des liens avec Trump d\u00e8s 2022 via Randy&nbsp;Yaloz&nbsp;(<em>Republicans&nbsp;Overseas<\/em>) et S.&nbsp;Knafo&nbsp;a \u00e9t\u00e9 invit\u00e9e \u00e0&nbsp;<a href=\"https:\/\/www.lemonde.fr\/m-le-mag\/article\/2025\/01\/18\/investiture-de-donald-trump-les-grandes-man-uvres-de-sarah-knafo-pour-se-faire-inviter-avec-eric-zemmour_6504318_4500055.html\" target=\"_blank\" rel=\"noreferrer noopener\">l&#8217;investiture de Trump en janvier 2025.<\/a> Mais&nbsp;<a href=\"https:\/\/legrandcontinent.eu\/fr\/2026\/02\/19\/en-amplifiant-le-contenu-de-la-candidate-reconquete-sarah-knafo-sur-x-elon-musk-tente-t-il-de-singerer-dans-les-elections-municipales-francaises\/\" target=\"_blank\" rel=\"noreferrer noopener\">Le Grand Continent questionne<\/a>&nbsp;aussi la forte visibilit\u00e9 sur X des contenus de la candidate \u201cReconqu\u00eate!\u201d \u00e0 la mairie de Paris, et s\u2019interroge sur le r\u00f4le possible d\u2019Elon Musk en sa faveur. <a href=\"https:\/\/www.arago.app\/lalgorithme-de-x-boosterait-les-videos-de-sarah-knafo\/\" target=\"_blank\" rel=\"noreferrer noopener\">Selon une \u00e9tude du site Arago<\/a>, ses vid\u00e9os ont g\u00e9n\u00e9r\u00e9 environ 17,5 millions de vues, bien davantage que celles de ses concurrents malgr\u00e9 un nombre d\u2019abonn\u00e9s comparable. Cette exposition pourrait correspondre \u00e0 l\u2019\u00e9quivalent d\u2019environ 44000 \u20ac de publicit\u00e9 gratuite, alors que la publicit\u00e9 politique est interdite en p\u00e9riode \u00e9lectorale. L\u2019article examine l\u2019hypoth\u00e8se d\u2019un effet d\u2019amplification algorithmique sur X, volontaire ou non, et souligne les questions d\u00e9mocratiques pos\u00e9es par l\u2019influence potentielle d\u2019une plateforme priv\u00e9e sur une campagne \u00e9lectorale nationale.&nbsp;<\/p>\n\n\n\n<p class=\"has-medium-font-size\">Il y a aussi la Hongrie, o\u00f9 l\u2019on vote le 12 avril prochain pour le renouvellement du parlement.&nbsp; Le ministre des&nbsp;affaires \u00e9trang\u00e8res US Marco Rubio n\u2019a pas h\u00e9sit\u00e9 <a href=\"https:\/\/x.com\/ralakbar\/status\/2023356283504804226?s=20\" target=\"_blank\" rel=\"noreferrer noopener\">\u00e0 venir sur place pour afficher son soutien au premier ministre Viktor Orban<\/a>, en difficult\u00e9 pour la premi\u00e8re fois depuis son retour au pouvoir de 2010.&nbsp;&nbsp;<\/p>\n\n\n\n<p class=\"has-medium-font-size\">Avec une \u00e9conomie hongroise&nbsp;<a href=\"https:\/\/www.lefigaro.fr\/conjoncture\/en-hongrie-cette-forte-inflation-qui-fragilise-viktor-orban-a-un-an-des-elections-20250325\" target=\"_blank\" rel=\"noreferrer noopener\">affaiblie par une forte inflation<\/a>&nbsp;et un choc sur le pouvoir d\u2019achat,&nbsp;<a href=\"https:\/\/www.franceinfo.fr\/monde\/europe\/union-europeenne\/grand-entretien-la-hongrie-de-viktor-orban-est-devenue-un-regime-hybride-entre-la-democratie-et-la-dictature_7324194.html\" target=\"_blank\" rel=\"noreferrer noopener\">la gestion client\u00e9liste du pouvoir<\/a>&nbsp;par le&nbsp;Fidesz&nbsp;est remise en cause. Pour la premi\u00e8re fois aussi, Orban fait face \u00e0 un opposant cr\u00e9dible, P\u00e9ter Magyar (Tisza), issu de ses propres rangs,&nbsp;<a href=\"https:\/\/dailynewshungary.com\/new-influential-hungarian-party-born-from-the-presidential-clemency-scandal\/\" target=\"_blank\" rel=\"noreferrer noopener\">mais entr\u00e9 en opposition apr\u00e8s le scandale qui a men\u00e9 \u00e0 la d\u00e9mission de son ex-femme Judit Varga<\/a>, accus\u00e9e de complaisance envers un ancien criminel p\u00e9dophile. Profitant de l\u2019indignation publique, il a mobilis\u00e9 des soutiens et cr\u00e9\u00e9 un nouveau mouvement politique, d\u00e9non\u00e7ant la corruption, la concentration du pouvoir et l\u2019influence d\u2019oligarques dans la politique hongroise. Sa forte visibilit\u00e9 m\u00e9diatique et sur les r\u00e9seaux sociaux en fait un danger pour le&nbsp;Fidesz, qui concentre le m\u00e9contentement autour de la corruption, du \u00ab syst\u00e8me mafia \u00bb et du gel des fonds europ\u00e9ens.&nbsp;&nbsp;<\/p>\n\n\n\n<p class=\"has-medium-font-size\">Certes, V.&nbsp;Orb\u00e1n&nbsp;conserve un appareil m\u00e9diatique et institutionnel largement captur\u00e9, mais les sondages sont serr\u00e9s et l\u2019usure du pouvoir complique sa promesse de stabilit\u00e9 et de \u00ab s\u00e9curit\u00e9 \u00bb face \u00e0 l\u2019Ukraine et \u00e0 Bruxelles. Cependant,<a href=\"https:\/\/www.rfi.fr\/fr\/europe\/20240506-hongrie-issu-du-fidesz-au-pouvoir-p%C3%A9ter-magyar-en-campagne-dans-le-fief-de-viktor-orban\" target=\"_blank\" rel=\"noreferrer noopener\">&nbsp;comme le note RFI<\/a>, dans son propre fief, P\u00e9ter Magyar n\u2019h\u00e9site pas \u00e0 mener campagne en d\u00e9non\u00e7ant la corruption et le fonctionnement du syst\u00e8me politique hongrois. Il promet de r\u00e9tablir l\u2019\u00c9tat de droit et de normaliser les relations avec l\u2019Union europ\u00e9enne. Sa popularit\u00e9 t\u00e9moigne d\u2019un m\u00e9contentement croissant envers le gouvernement d\u2019Orb\u00e1n.&nbsp;<\/p>\n\n\n\n<p class=\"has-medium-font-size\"><a href=\"https:\/\/www.epc.eu\/publication\/ahead-of-the-hungarian-elections-show-orban-the-democratic-red-line\/\" target=\"_blank\" rel=\"noreferrer noopener\">Une analyse du think tank EPC<\/a>&nbsp;pr\u00e9vient&nbsp;que le gouvernement de Viktor&nbsp;Orb\u00e1n&nbsp;pourrait recourir \u00e0 des manipulations \u00e9lectorales, d\u00e9sinformation ou \u00e9tat d\u2019urgence pour rester au pouvoir. Elle appelle l\u2019Union europ\u00e9enne \u00e0 fixer une \u00ab ligne&nbsp;rouge \u00bb claire&nbsp;: toute atteinte au processus d\u00e9mocratique devrait entra\u00eener des sanctions imm\u00e9diates, y compris l\u2019activation compl\u00e8te de l\u2019article 7.&nbsp;<\/p>\n\n\n\n<p class=\"has-medium-font-size\">De Paris \u00e0 Budapest, en passant par Ljubljana ou Sofia, la d\u00e9mocratie europ\u00e9enne doit d\u00e9sormais lutter sur deux fronts contre une tenaille trumpo-poutinienne.&nbsp;<\/p>\n","protected":false},"excerpt":{"rendered":"<p>2026 est un cru \u00e9lectoral important. Du Portugal en f\u00e9vrier &#8211;&nbsp;ES 23\/2\/26), \u00e0 la Slov\u00e9nie&nbsp;de Jansa, l\u2019ami de Orban et&hellip; <a class=\"read-more\" href=\"https:\/\/heraclite.eu\/index.php\/2026\/03\/16\/673\/\">Continue Reading<\/a><\/p>\n","protected":false},"author":2,"featured_media":674,"comment_status":"closed","ping_status":"open","sticky":false,"template":"","format":"standard","meta":{"footnotes":""},"categories":[76,53,5,62],"tags":[],"class_list":["post-673","post","type-post","status-publish","format-standard","has-post-thumbnail","hentry","category-democratie","category-geopolitique","category-politique-europeenne","category-62"],"_links":{"self":[{"href":"https:\/\/heraclite.eu\/index.php\/wp-json\/wp\/v2\/posts\/673"}],"collection":[{"href":"https:\/\/heraclite.eu\/index.php\/wp-json\/wp\/v2\/posts"}],"about":[{"href":"https:\/\/heraclite.eu\/index.php\/wp-json\/wp\/v2\/types\/post"}],"author":[{"embeddable":true,"href":"https:\/\/heraclite.eu\/index.php\/wp-json\/wp\/v2\/users\/2"}],"replies":[{"embeddable":true,"href":"https:\/\/heraclite.eu\/index.php\/wp-json\/wp\/v2\/comments?post=673"}],"version-history":[{"count":3,"href":"https:\/\/heraclite.eu\/index.php\/wp-json\/wp\/v2\/posts\/673\/revisions"}],"predecessor-version":[{"id":677,"href":"https:\/\/heraclite.eu\/index.php\/wp-json\/wp\/v2\/posts\/673\/revisions\/677"}],"wp:featuredmedia":[{"embeddable":true,"href":"https:\/\/heraclite.eu\/index.php\/wp-json\/wp\/v2\/media\/674"}],"wp:attachment":[{"href":"https:\/\/heraclite.eu\/index.php\/wp-json\/wp\/v2\/media?parent=673"}],"wp:term":[{"taxonomy":"category","embeddable":true,"href":"https:\/\/heraclite.eu\/index.php\/wp-json\/wp\/v2\/categories?post=673"},{"taxonomy":"post_tag","embeddable":true,"href":"https:\/\/heraclite.eu\/index.php\/wp-json\/wp\/v2\/tags?post=673"}],"curies":[{"name":"wp","href":"https:\/\/api.w.org\/{rel}","templated":true}]}}